[{"@context":"https:\/\/schema.org\/","@type":"Article","@id":"https:\/\/www.azurreizen.cz\/z-ceho-zit-kdyz-prijdete-o-praci\/#Article","mainEntityOfPage":"https:\/\/www.azurreizen.cz\/z-ceho-zit-kdyz-prijdete-o-praci\/","headline":"Z \u010deho \u017e\u00edt, kdy\u017e p\u0159ijdete o pr\u00e1ci?","name":"Z \u010deho \u017e\u00edt, kdy\u017e p\u0159ijdete o pr\u00e1ci?","description":"M\u016f\u017ee se v\u00e1m zd\u00e1t, \u017ee situace je ne\u0159e\u0161iteln\u00e1, ale mo\u017en\u00e1 na\u0161t\u011bst\u00ed \u017eijeme v zemi, kde je\u0161t\u011b existuje podpora v nezam\u011bstnanosti. Kolik to \u010din\u00ed? Pokud jste nezam\u011bstn\u00e1ni prvn\u00ed dva m\u011bs\u00edce, z\u00edsk\u00e1te 65% z va\u0161\u00ed mzdy, kterou jste dost\u00e1vali v zam\u011bstn\u00e1n\u00ed. Dal\u0161\u00ed dva m\u011bs\u00edce pak dost\u00e1v\u00e1te 50% z m\u011bs\u00ed\u010dn\u00edho \u010dist\u00e9ho pr\u016fm\u011brn\u00e9ho v\u00fdd\u011blku. Tato procenta se po\u010d\u00edtaj\u00ed z [&hellip;]","datePublished":"2018-03-22","dateModified":"2023-04-28","author":{"@type":"Person","@id":"https:\/\/www.azurreizen.cz\/author\/#Person","name":"","url":"https:\/\/www.azurreizen.cz\/author\/","identifier":1,"image":{"@type":"ImageObject","@id":"https:\/\/secure.gravatar.com\/avatar\/9514fe8d0d5bc6f8b5e285c47f6d71536ab35446ffb077fff11f6ca1fa8b00ce?s=96&d=mm&r=g","url":"https:\/\/secure.gravatar.com\/avatar\/9514fe8d0d5bc6f8b5e285c47f6d71536ab35446ffb077fff11f6ca1fa8b00ce?s=96&d=mm&r=g","height":96,"width":96}},"publisher":{"@type":"Organization","name":"azurreizen.cz","logo":{"@type":"ImageObject","@id":"\/logo.png","url":"\/logo.png","width":600,"height":60}},"image":{"@type":"ImageObject","@id":"https:\/\/www.azurreizen.cz\/wp-content\/uploads\/img_a316068_w1764_t1527019578.jpg","url":"https:\/\/www.azurreizen.cz\/wp-content\/uploads\/img_a316068_w1764_t1527019578.jpg","height":0,"width":0},"url":"https:\/\/www.azurreizen.cz\/z-ceho-zit-kdyz-prijdete-o-praci\/","about":["Www"],"wordCount":442,"articleBody":"M\u016f\u017ee se v\u00e1m zd\u00e1t, \u017ee situace je ne\u0159e\u0161iteln\u00e1, ale mo\u017en\u00e1 na\u0161t\u011bst\u00ed \u017eijeme v zemi, kde je\u0161t\u011b existuje podpora v nezam\u011bstnanosti.Kolik to \u010din\u00ed?Pokud jste nezam\u011bstn\u00e1ni prvn\u00ed dva m\u011bs\u00edce, z\u00edsk\u00e1te 65% z va\u0161\u00ed mzdy, kterou jste dost\u00e1vali v zam\u011bstn\u00e1n\u00ed. Dal\u0161\u00ed dva m\u011bs\u00edce pak dost\u00e1v\u00e1te 50% z m\u011bs\u00ed\u010dn\u00edho \u010dist\u00e9ho pr\u016fm\u011brn\u00e9ho v\u00fdd\u011blku. Tato procenta se po\u010d\u00edtaj\u00ed z posledn\u00edho ukon\u010den\u00e9ho zam\u011bstn\u00e1n\u00ed v rozhodn\u00e9m obdob\u00ed. Po zbytek doby, kdy budete m\u00edt n\u00e1rok na podporu v nezam\u011bstnanosti budete dost\u00e1vat 45% z pr\u016fm\u011brn\u00e9 m\u011bs\u00ed\u010dn\u00ed \u010dist\u00e9 mzdy.Poj\u010fme se pod\u00edvat, jak\u00e9 \u010d\u00e1stky se vypl\u00e1cely nezam\u011bstnan\u00fdm v n\u011bkter\u00fdch p\u0159edchoz\u00edch letech v \u010cesk\u00e9 republice:\u00b7\u00a0\u00a0\u00a0\u00a0\u00a0\u00a0\u00a0\u00a0 2010 \u00a0\u00a0\u00a0\u00a0\u00a0\u00a0\u00a0\u00a0\u00a0\u00a0\u00a0\u00a0\u00a0\u00a0\u00a0\u00a0\u00a0\u00a0\u00a0\u00a0\u00a0\u00a0\u00a0\u00a0\u00a0 13.280,- K\u010d\u00b7\u00a0\u00a0\u00a0\u00a0\u00a0\u00a0\u00a0\u00a0 2011\u00a0\u00a0\u00a0\u00a0\u00a0\u00a0\u00a0\u00a0\u00a0\u00a0\u00a0\u00a0\u00a0\u00a0\u00a0\u00a0\u00a0\u00a0\u00a0\u00a0\u00a0\u00a0\u00a0\u00a0\u00a0\u00a0\u00a0 13.528,- K\u010d\u00b7\u00a0\u00a0\u00a0\u00a0\u00a0\u00a0\u00a0\u00a0 2014\u00a0\u00a0\u00a0\u00a0\u00a0\u00a0\u00a0\u00a0\u00a0\u00a0\u00a0\u00a0\u00a0\u00a0\u00a0\u00a0\u00a0\u00a0\u00a0\u00a0\u00a0\u00a0\u00a0\u00a0\u00a0\u00a0 14.281,- K\u010d\u00b7\u00a0\u00a0\u00a0\u00a0\u00a0\u00a0\u00a0\u00a0 2017\u00a0\u00a0\u00a0\u00a0\u00a0\u00a0\u00a0\u00a0\u00a0\u00a0\u00a0\u00a0\u00a0\u00a0\u00a0\u00a0\u00a0\u00a0\u00a0\u00a0\u00a0\u00a0\u00a0\u00a0\u00a0\u00a0 15.600,- K\u010d\u00a0N\u00e1rok na podporu v nezam\u011bstnanosti m\u00e1te, pokud jste v posledn\u00edch dvan\u00e1cti m\u011bs\u00edc\u00edch byli zam\u011bstn\u00e1ni \u010di jste prov\u00e1d\u011bli jinou v\u00fdd\u011ble\u010dnou \u010dinnost, kde v\u00e1\u0161 zam\u011bstnavatel platil soci\u00e1ln\u00ed poji\u0161t\u011bn\u00ed. Rozhodn\u00e9 obdob\u00ed p\u0159i posuzov\u00e1n\u00ed, zda m\u00e1te n\u00e1rok na podporu v nezam\u011bstnanosti, jsou dva roky p\u0159ed za\u0159azen\u00edm do evidence uchaze\u010d\u016f o zam\u011bstn\u00e1n\u00ed. Zjednodu\u0161en\u011b \u0159e\u010deno, pokud jste v posledn\u00edch dvou letech v kuse pracovali \u010di podnikali alespo\u0148 dvan\u00e1ct m\u011bs\u00edc\u016f.Samoz\u0159ejm\u011b se do p\u0159edchoz\u00edho zam\u011bstn\u00e1n\u00ed zapo\u010d\u00edt\u00e1v\u00e1 i:\u00b7\u00a0\u00a0\u00a0\u00a0\u00a0\u00a0\u00a0\u00a0 pob\u00edr\u00e1n\u00ed pln\u00e9ho invalidn\u00edho d\u016fchodu\u00b7\u00a0\u00a0\u00a0\u00a0\u00a0\u00a0\u00a0\u00a0 p\u0159\u00edprava k pr\u00e1ci pr\u00e1v\u011b osoby se zdravotn\u00edm posti\u017een\u00edm\u00b7\u00a0\u00a0\u00a0\u00a0\u00a0\u00a0\u00a0\u00a0 osobn\u00ed p\u00e9\u010de o d\u00edt\u011b do v\u011bku \u010dty\u0159 let\u00b7\u00a0\u00a0\u00a0\u00a0\u00a0\u00a0\u00a0\u00a0 v\u00fdkon dlouhodob\u00e9 dobrovolnick\u00e9 slu\u017eby\u00b7\u00a0\u00a0\u00a0\u00a0\u00a0\u00a0\u00a0\u00a0 p\u0159\u00edprava na budouc\u00ed povol\u00e1n\u00ed v maxim\u00e1ln\u00ed d\u00e9lce \u0161esti m\u011bs\u00edc\u016fPodporu v nezam\u011bstnanosti samoz\u0159ejm\u011b nedostanete, pokud jste ve starobn\u00edm \u010di pln\u00e9m invalidn\u00edm d\u016fchodu.Doba, po kterou v\u00e1s bude v nezam\u011bstnanosti st\u00e1t podporovat je odvozena od v\u011bku \u017eadatele, tedy pokud je v\u00e1m m\u00e9n\u011b ne\u017e pades\u00e1t let, bude to 5 m\u011bs\u00edc\u016f. Pokud je v\u00e1m v\u00edce, ne\u017e pades\u00e1t let, ale m\u00e9n\u011b ne\u017e pades\u00e1t p\u011bt let, budete moci pob\u00edrat podporu osm m\u011bs\u00edc\u016f. Zaj\u00edmav\u00e9 je, \u017ee nad pades\u00e1t p\u011bt let je tam u\u017e jen doba jeden\u00e1cti m\u011bs\u00edc\u016f, a\u0165 jdete do d\u016fchodu v \u0161edes\u00e1ti letech \u010di v \u0161edes\u00e1ti p\u011bti letech.                                                                                                                                                                                                                                                                                                                                                                                        4\/5 - (6 votes)        "},{"@context":"https:\/\/schema.org\/","@type":"BreadcrumbList","itemListElement":[{"@type":"ListItem","position":1,"name":"Z \u010deho \u017e\u00edt, kdy\u017e p\u0159ijdete o pr\u00e1ci?","item":"https:\/\/www.azurreizen.cz\/z-ceho-zit-kdyz-prijdete-o-praci\/#breadcrumbitem"}]}]