{"@context":"https:\/\/schema.org\/","@type":"CollectionPage","@id":"https:\/\/www.azurreizen.cz\/vyrobky\/#CollectionPage","headline":"V\u00fdrobky Category","description":"","url":"https:\/\/www.azurreizen.cz\/vyrobky\/","hasPart":[{"@type":"Article","@id":"https:\/\/www.azurreizen.cz\/co-nam-priroda-nabizi\/","headline":"Co n\u00e1m p\u0159\u00edroda nab\u00edz\u00ed?","url":"https:\/\/www.azurreizen.cz\/co-nam-priroda-nabizi\/","datePublished":"2019-10-27","dateModified":"2023-04-28","mainEntityOfPage":"https:\/\/www.azurreizen.cz\/co-nam-priroda-nabizi\/","author":{"@type":"Person","@id":"https:\/\/www.azurreizen.cz\/author\/#Person","name":"","url":"https:\/\/www.azurreizen.cz\/author\/","identifier":1,"image":{"@type":"ImageObject","@id":"https:\/\/secure.gravatar.com\/avatar\/9514fe8d0d5bc6f8b5e285c47f6d71536ab35446ffb077fff11f6ca1fa8b00ce?s=96&d=mm&r=g","url":"https:\/\/secure.gravatar.com\/avatar\/9514fe8d0d5bc6f8b5e285c47f6d71536ab35446ffb077fff11f6ca1fa8b00ce?s=96&d=mm&r=g","height":96,"width":96}},"publisher":{"@type":"Organization","name":"azurreizen.cz","logo":{"@type":"ImageObject","@id":"\/logo.png","url":"\/logo.png","width":600,"height":60}},"image":{"@type":"ImageObject","@id":"https:\/\/www.azurreizen.cz\/wp-content\/uploads\/img_a369992_w1764_t1581851724.jpg","url":"https:\/\/www.azurreizen.cz\/wp-content\/uploads\/img_a369992_w1764_t1581851724.jpg","height":0,"width":0},"keywords":null},{"@type":"Article","@id":"https:\/\/www.azurreizen.cz\/jake-ma-reklamni-predmety-praha\/","headline":"Jak\u00e9 m\u00e1 reklamn\u00ed p\u0159edm\u011bty Praha?","url":"https:\/\/www.azurreizen.cz\/jake-ma-reklamni-predmety-praha\/","datePublished":"2019-10-20","dateModified":"2023-04-28","mainEntityOfPage":"https:\/\/www.azurreizen.cz\/jake-ma-reklamni-predmety-praha\/","author":{"@type":"Person","@id":"https:\/\/www.azurreizen.cz\/author\/#Person","name":"","url":"https:\/\/www.azurreizen.cz\/author\/","identifier":1,"image":{"@type":"ImageObject","@id":"https:\/\/secure.gravatar.com\/avatar\/9514fe8d0d5bc6f8b5e285c47f6d71536ab35446ffb077fff11f6ca1fa8b00ce?s=96&d=mm&r=g","url":"https:\/\/secure.gravatar.com\/avatar\/9514fe8d0d5bc6f8b5e285c47f6d71536ab35446ffb077fff11f6ca1fa8b00ce?s=96&d=mm&r=g","height":96,"width":96}},"publisher":{"@type":"Organization","name":"azurreizen.cz","logo":{"@type":"ImageObject","@id":"\/logo.png","url":"\/logo.png","width":600,"height":60}},"image":{"@type":"ImageObject","@id":"https:\/\/www.azurreizen.cz\/wp-content\/uploads\/img_a366193_w1764_t1578907582.jpg","url":"https:\/\/www.azurreizen.cz\/wp-content\/uploads\/img_a366193_w1764_t1578907582.jpg","height":0,"width":0},"keywords":null},{"@type":"Article","@id":"https:\/\/www.azurreizen.cz\/dokonaly-vzhled\/","headline":"Dokonal\u00fd vzhled","url":"https:\/\/www.azurreizen.cz\/dokonaly-vzhled\/","datePublished":"2019-10-20","dateModified":"2023-04-28","mainEntityOfPage":"https:\/\/www.azurreizen.cz\/dokonaly-vzhled\/","author":{"@type":"Person","@id":"https:\/\/www.azurreizen.cz\/author\/#Person","name":"","url":"https:\/\/www.azurreizen.cz\/author\/","identifier":1,"image":{"@type":"ImageObject","@id":"https:\/\/secure.gravatar.com\/avatar\/9514fe8d0d5bc6f8b5e285c47f6d71536ab35446ffb077fff11f6ca1fa8b00ce?s=96&d=mm&r=g","url":"https:\/\/secure.gravatar.com\/avatar\/9514fe8d0d5bc6f8b5e285c47f6d71536ab35446ffb077fff11f6ca1fa8b00ce?s=96&d=mm&r=g","height":96,"width":96}},"publisher":{"@type":"Organization","name":"azurreizen.cz","logo":{"@type":"ImageObject","@id":"\/logo.png","url":"\/logo.png","width":600,"height":60}},"image":{"@type":"ImageObject","@id":"https:\/\/www.azurreizen.cz\/wp-content\/uploads\/img_a366372_w1764_t1578996938.jpg","url":"https:\/\/www.azurreizen.cz\/wp-content\/uploads\/img_a366372_w1764_t1578996938.jpg","height":0,"width":0},"keywords":null},{"@type":"Article","@id":"https:\/\/www.azurreizen.cz\/ortodonticka-lecba-ma-sve-kouzlo\/","headline":"Ortodontick\u00e1 l\u00e9\u010dba m\u00e1 sv\u00e9 kouzlo","url":"https:\/\/www.azurreizen.cz\/ortodonticka-lecba-ma-sve-kouzlo\/","datePublished":"2019-10-20","dateModified":"2023-04-28","mainEntityOfPage":"https:\/\/www.azurreizen.cz\/ortodonticka-lecba-ma-sve-kouzlo\/","author":{"@type":"Person","@id":"https:\/\/www.azurreizen.cz\/author\/#Person","name":"","url":"https:\/\/www.azurreizen.cz\/author\/","identifier":1,"image":{"@type":"ImageObject","@id":"https:\/\/secure.gravatar.com\/avatar\/9514fe8d0d5bc6f8b5e285c47f6d71536ab35446ffb077fff11f6ca1fa8b00ce?s=96&d=mm&r=g","url":"https:\/\/secure.gravatar.com\/avatar\/9514fe8d0d5bc6f8b5e285c47f6d71536ab35446ffb077fff11f6ca1fa8b00ce?s=96&d=mm&r=g","height":96,"width":96}},"publisher":{"@type":"Organization","name":"azurreizen.cz","logo":{"@type":"ImageObject","@id":"\/logo.png","url":"\/logo.png","width":600,"height":60}},"image":{"@type":"ImageObject","@id":"https:\/\/www.azurreizen.cz\/wp-content\/uploads\/img_a366302_w1764_t1578988889.png","url":"https:\/\/www.azurreizen.cz\/wp-content\/uploads\/img_a366302_w1764_t1578988889.png","height":0,"width":0},"keywords":null},{"@type":"Article","@id":"https:\/\/www.azurreizen.cz\/uzitecny-doplnek-pro-vas-vuz\/","headline":"U\u017eite\u010dn\u00fd dopln\u011bk pro v\u00e1\u0161 v\u016fz","url":"https:\/\/www.azurreizen.cz\/uzitecny-doplnek-pro-vas-vuz\/","datePublished":"2019-10-17","dateModified":"2023-04-28","mainEntityOfPage":"https:\/\/www.azurreizen.cz\/uzitecny-doplnek-pro-vas-vuz\/","author":{"@type":"Person","@id":"https:\/\/www.azurreizen.cz\/author\/#Person","name":"","url":"https:\/\/www.azurreizen.cz\/author\/","identifier":1,"image":{"@type":"ImageObject","@id":"https:\/\/secure.gravatar.com\/avatar\/9514fe8d0d5bc6f8b5e285c47f6d71536ab35446ffb077fff11f6ca1fa8b00ce?s=96&d=mm&r=g","url":"https:\/\/secure.gravatar.com\/avatar\/9514fe8d0d5bc6f8b5e285c47f6d71536ab35446ffb077fff11f6ca1fa8b00ce?s=96&d=mm&r=g","height":96,"width":96}},"publisher":{"@type":"Organization","name":"azurreizen.cz","logo":{"@type":"ImageObject","@id":"\/logo.png","url":"\/logo.png","width":600,"height":60}},"image":{"@type":"ImageObject","@id":"https:\/\/www.azurreizen.cz\/wp-content\/uploads\/img_a366531_w1764_t1579171048.jpg","url":"https:\/\/www.azurreizen.cz\/wp-content\/uploads\/img_a366531_w1764_t1579171048.jpg","height":0,"width":0},"keywords":null},{"@type":"Article","@id":"https:\/\/www.azurreizen.cz\/jsou-zip-sacky-s-posuvnym-jezdcem-dobry-napad\/","headline":"Jsou zip s\u00e1\u010dky s posuvn\u00fdm jezdcem dobr\u00fd n\u00e1pad?","url":"https:\/\/www.azurreizen.cz\/jsou-zip-sacky-s-posuvnym-jezdcem-dobry-napad\/","datePublished":"2019-10-14","dateModified":"2023-04-28","mainEntityOfPage":"https:\/\/www.azurreizen.cz\/jsou-zip-sacky-s-posuvnym-jezdcem-dobry-napad\/","author":{"@type":"Person","@id":"https:\/\/www.azurreizen.cz\/author\/#Person","name":"","url":"https:\/\/www.azurreizen.cz\/author\/","identifier":1,"image":{"@type":"ImageObject","@id":"https:\/\/secure.gravatar.com\/avatar\/9514fe8d0d5bc6f8b5e285c47f6d71536ab35446ffb077fff11f6ca1fa8b00ce?s=96&d=mm&r=g","url":"https:\/\/secure.gravatar.com\/avatar\/9514fe8d0d5bc6f8b5e285c47f6d71536ab35446ffb077fff11f6ca1fa8b00ce?s=96&d=mm&r=g","height":96,"width":96}},"publisher":{"@type":"Organization","name":"azurreizen.cz","logo":{"@type":"ImageObject","@id":"\/logo.png","url":"\/logo.png","width":600,"height":60}},"image":{"@type":"ImageObject","@id":"https:\/\/www.azurreizen.cz\/wp-content\/uploads\/img_a366274_w1764_t1578987142.jpg","url":"https:\/\/www.azurreizen.cz\/wp-content\/uploads\/img_a366274_w1764_t1578987142.jpg","height":0,"width":0},"keywords":null},{"@type":"Article","@id":"https:\/\/www.azurreizen.cz\/saty-nemohou-byt-pro-ostudu\/","headline":"\u0160aty nemohou b\u00fdt pro ostudu","url":"https:\/\/www.azurreizen.cz\/saty-nemohou-byt-pro-ostudu\/","datePublished":"2019-10-13","dateModified":"2023-04-28","mainEntityOfPage":"https:\/\/www.azurreizen.cz\/saty-nemohou-byt-pro-ostudu\/","author":{"@type":"Person","@id":"https:\/\/www.azurreizen.cz\/author\/#Person","name":"","url":"https:\/\/www.azurreizen.cz\/author\/","identifier":1,"image":{"@type":"ImageObject","@id":"https:\/\/secure.gravatar.com\/avatar\/9514fe8d0d5bc6f8b5e285c47f6d71536ab35446ffb077fff11f6ca1fa8b00ce?s=96&d=mm&r=g","url":"https:\/\/secure.gravatar.com\/avatar\/9514fe8d0d5bc6f8b5e285c47f6d71536ab35446ffb077fff11f6ca1fa8b00ce?s=96&d=mm&r=g","height":96,"width":96}},"publisher":{"@type":"Organization","name":"azurreizen.cz","logo":{"@type":"ImageObject","@id":"\/logo.png","url":"\/logo.png","width":600,"height":60}},"image":{"@type":"ImageObject","@id":"https:\/\/www.azurreizen.cz\/wp-content\/uploads\/img_a366441_w1764_t1579006614.jpg","url":"https:\/\/www.azurreizen.cz\/wp-content\/uploads\/img_a366441_w1764_t1579006614.jpg","height":0,"width":0},"keywords":null},{"@type":"Article","@id":"https:\/\/www.azurreizen.cz\/usnadnete-si-hubnuti\/","headline":"Usnadn\u011bte si hubnut\u00ed","url":"https:\/\/www.azurreizen.cz\/usnadnete-si-hubnuti\/","datePublished":"2019-10-05","dateModified":"2024-02-18","mainEntityOfPage":"https:\/\/www.azurreizen.cz\/usnadnete-si-hubnuti\/","author":{"@type":"Person","@id":"https:\/\/www.azurreizen.cz\/author\/#Person","name":"","url":"https:\/\/www.azurreizen.cz\/author\/","identifier":1,"image":{"@type":"ImageObject","@id":"https:\/\/secure.gravatar.com\/avatar\/9514fe8d0d5bc6f8b5e285c47f6d71536ab35446ffb077fff11f6ca1fa8b00ce?s=96&d=mm&r=g","url":"https:\/\/secure.gravatar.com\/avatar\/9514fe8d0d5bc6f8b5e285c47f6d71536ab35446ffb077fff11f6ca1fa8b00ce?s=96&d=mm&r=g","height":96,"width":96}},"publisher":{"@type":"Organization","name":"azurreizen.cz","logo":{"@type":"ImageObject","@id":"\/logo.png","url":"\/logo.png","width":600,"height":60}},"image":{"@type":"ImageObject","@id":"https:\/\/www.azurreizen.cz\/wp-content\/uploads\/img_a366561_w1764_t1579176233.jpg","url":"https:\/\/www.azurreizen.cz\/wp-content\/uploads\/img_a366561_w1764_t1579176233.jpg","height":0,"width":0},"keywords":null},{"@type":"Article","@id":"https:\/\/www.azurreizen.cz\/poridte-si-paradni-terasu-z-kvalitniho-dreva\/","headline":"Po\u0159i\u010fte si par\u00e1dn\u00ed terasu z kvalitn\u00edho d\u0159eva","url":"https:\/\/www.azurreizen.cz\/poridte-si-paradni-terasu-z-kvalitniho-dreva\/","datePublished":"2019-10-03","dateModified":"2023-04-28","mainEntityOfPage":"https:\/\/www.azurreizen.cz\/poridte-si-paradni-terasu-z-kvalitniho-dreva\/","author":{"@type":"Person","@id":"https:\/\/www.azurreizen.cz\/author\/#Person","name":"","url":"https:\/\/www.azurreizen.cz\/author\/","identifier":1,"image":{"@type":"ImageObject","@id":"https:\/\/secure.gravatar.com\/avatar\/9514fe8d0d5bc6f8b5e285c47f6d71536ab35446ffb077fff11f6ca1fa8b00ce?s=96&d=mm&r=g","url":"https:\/\/secure.gravatar.com\/avatar\/9514fe8d0d5bc6f8b5e285c47f6d71536ab35446ffb077fff11f6ca1fa8b00ce?s=96&d=mm&r=g","height":96,"width":96}},"publisher":{"@type":"Organization","name":"azurreizen.cz","logo":{"@type":"ImageObject","@id":"\/logo.png","url":"\/logo.png","width":600,"height":60}},"image":{"@type":"ImageObject","@id":"https:\/\/www.azurreizen.cz\/wp-content\/uploads\/img_a369381_w1764_t1581579433.jpg","url":"https:\/\/www.azurreizen.cz\/wp-content\/uploads\/img_a369381_w1764_t1581579433.jpg","height":0,"width":0},"keywords":null},{"@type":"Article","@id":"https:\/\/www.azurreizen.cz\/autozarovky\/","headline":"Auto\u017e\u00e1rovky","url":"https:\/\/www.azurreizen.cz\/autozarovky\/","datePublished":"2019-10-03","dateModified":"2023-04-28","mainEntityOfPage":"https:\/\/www.azurreizen.cz\/autozarovky\/","author":{"@type":"Person","@id":"https:\/\/www.azurreizen.cz\/author\/#Person","name":"","url":"https:\/\/www.azurreizen.cz\/author\/","identifier":1,"image":{"@type":"ImageObject","@id":"https:\/\/secure.gravatar.com\/avatar\/9514fe8d0d5bc6f8b5e285c47f6d71536ab35446ffb077fff11f6ca1fa8b00ce?s=96&d=mm&r=g","url":"https:\/\/secure.gravatar.com\/avatar\/9514fe8d0d5bc6f8b5e285c47f6d71536ab35446ffb077fff11f6ca1fa8b00ce?s=96&d=mm&r=g","height":96,"width":96}},"publisher":{"@type":"Organization","name":"azurreizen.cz","logo":{"@type":"ImageObject","@id":"\/logo.png","url":"\/logo.png","width":600,"height":60}},"image":{"@type":"ImageObject","@id":"https:\/\/www.azurreizen.cz\/wp-content\/uploads\/img_a366608_w1764_t1579338926.jpg","url":"https:\/\/www.azurreizen.cz\/wp-content\/uploads\/img_a366608_w1764_t1579338926.jpg","height":0,"width":0},"keywords":null}]}