[{"@context":"https:\/\/schema.org\/","@type":"Article","@id":"https:\/\/www.azurreizen.cz\/prepravky-na-vsechno\/#Article","mainEntityOfPage":"https:\/\/www.azurreizen.cz\/prepravky-na-vsechno\/","headline":"P\u0159epravky na v\u0161echno","name":"P\u0159epravky na v\u0161echno","description":"V\u017edycky jsem to cht\u011bla m\u00edt doma p\u011bkn\u00e9, uklizen\u00e9 a taky hlavn\u011b uspo\u0159\u00e1dan\u00e9. Nem\u00e1m r\u00e1da takov\u00e9 byty a domy, kde se v\u00e1l\u00ed v\u0161echny v\u011bci a kde je v\u0161echno p\u00e1t\u00e9 p\u0159es dev\u00e1t\u00e9. Proto jsem si \u0159ekla, \u017ee rad\u011bji budu m\u00edt m\u00e9n\u011b v\u011bc\u00ed, kter\u00e9 budou uklizen\u00e9 ne\u017e hodn\u011b v\u011bc\u00ed, kter\u00e9 budou rozh\u00e1zen\u00e9 v\u0161ude. Nel\u00edb\u00ed se mi taky to, [&hellip;]","datePublished":"2022-10-11","dateModified":"2023-07-21","author":{"@type":"Person","@id":"https:\/\/www.azurreizen.cz\/author\/#Person","name":"","url":"https:\/\/www.azurreizen.cz\/author\/","identifier":1,"image":{"@type":"ImageObject","@id":"https:\/\/secure.gravatar.com\/avatar\/9514fe8d0d5bc6f8b5e285c47f6d71536ab35446ffb077fff11f6ca1fa8b00ce?s=96&d=mm&r=g","url":"https:\/\/secure.gravatar.com\/avatar\/9514fe8d0d5bc6f8b5e285c47f6d71536ab35446ffb077fff11f6ca1fa8b00ce?s=96&d=mm&r=g","height":96,"width":96}},"publisher":{"@type":"Organization","name":"azurreizen.cz","logo":{"@type":"ImageObject","@id":"\/logo.png","url":"\/logo.png","width":600,"height":60}},"image":{"@type":"ImageObject","@id":"https:\/\/www.azurreizen.cz\/wp-content\/uploads\/cardboard-1984477_960_720.jpg","url":"https:\/\/www.azurreizen.cz\/wp-content\/uploads\/cardboard-1984477_960_720.jpg","height":0,"width":0},"url":"https:\/\/www.azurreizen.cz\/prepravky-na-vsechno\/","about":["V\u00fdrobky"],"wordCount":435,"articleBody":"       V\u017edycky jsem to cht\u011bla m\u00edt doma p\u011bkn\u00e9, uklizen\u00e9 a taky hlavn\u011b uspo\u0159\u00e1dan\u00e9. Nem\u00e1m r\u00e1da takov\u00e9 byty a domy, kde se v\u00e1l\u00ed v\u0161echny v\u011bci a kde je v\u0161echno p\u00e1t\u00e9 p\u0159es dev\u00e1t\u00e9. Proto jsem si \u0159ekla, \u017ee rad\u011bji budu m\u00edt m\u00e9n\u011b v\u011bc\u00ed, kter\u00e9 budou uklizen\u00e9 ne\u017e hodn\u011b v\u011bc\u00ed, kter\u00e9 budou rozh\u00e1zen\u00e9 v\u0161ude. Nel\u00edb\u00ed se mi taky to, kdy\u017e jsou t\u0159eba sk\u0159\u00edn\u011b anebo r\u016fzn\u00e9 police n\u011b\u010d\u00edm p\u0159epl\u00e1can\u00e9 a p\u0159epln\u011bn\u00e9. \u017de na to pad\u00e1 prach, to bych je\u0161t\u011b snesla, proto\u017ee to samoz\u0159ejm\u011b ut\u0159u. Ale nel\u00edb\u00ed se mi takov\u00fd mix stylu, kter\u00fd je nevzhledn\u00fd. A m\u00e1m r\u00e1da takov\u00fd minimalistick\u00fd styl, kdy\u017e je v\u0161echno v b\u00edl\u00e9 nebo b\u00e9\u017eov\u00e9 \u010di \u0161ed\u00e9 barv\u011b. Nev\u00edm, po kom tento styl m\u00e1m, proto\u017ee t\u0159eba nap\u0159\u00edklad moje babi\u010dka a m\u00e1ma maj\u00ed r\u00e1dy takov\u00fd styl, kter\u00e9mu se \u0159\u00edk\u00e1 retro a nevad\u00ed jim, kdy\u017e maj\u00ed doma hodn\u011b v\u011bc\u00ed. J\u00e1 tohle nem\u00e1m r\u00e1da. Proto jsem si do ka\u017ed\u00e9 m\u00edstnosti dala takov\u00e9 designov\u00e9 skl\u00e1dac\u00ed p\u0159epravky, do kter\u00fdch si d\u00e1v\u00e1m nezbytnosti.Nebo do skl\u00e1dac\u00edch p\u0159epravek d\u00e1v\u00e1m v\u011bci, kter\u00e9 zrovna nepot\u0159ebuji pou\u017e\u00edvat nebo je pot\u0159ebuji schovat. Tak jsem si \u0159ekla, \u017ee skl\u00e1dac\u00ed p\u0159epravky taky zkus\u00edm d\u00e1t babi\u010dce a mamce, do kter\u00fdch by si tam d\u00e1valy taky r\u016fzn\u00e9 v\u011bci. Nel\u00edb\u00ed se mi ani bordel na stole. Pokud chcete i vy n\u011bjak\u00e9 skl\u00e1dac\u00ed p\u0159epravky, tak se koukn\u011bte na str\u00e1nky www.schoellerallibert.com\/, kde najdete r\u016fzn\u00e9 produkty, jako nap\u0159\u00edklad skl\u00e1dac\u00ed p\u0159epravky a podobn\u011b. A je tam mnoho r\u016fzn\u00fdch p\u0159epravek, tak\u017ee si mysl\u00edm, \u017ee na t\u00e9to webov\u00e9 str\u00e1nce si vybere samoz\u0159ejm\u011b ka\u017ed\u00fd. Skl\u00e1dac\u00ed p\u0159epravky jsou taky v r\u016fzn\u00fdch velikostech, tak\u017ee se nemus\u00edte b\u00e1t, \u017ee \u017e\u00e1dnou stojac\u00ed a skl\u00e1dac\u00ed p\u0159epravku nese\u017eenete. M\u00e1te na v\u00fdb\u011br z mnoha velikost\u00ed, materi\u00e1l\u016f a taky barev, tak\u017ee m\u00e1te velk\u00fd rozmanit\u00fd v\u00fdb\u011br. A mysl\u00edm si, \u017ee tato skl\u00e1dac\u00ed p\u0159epravka se bude doma hodit jist\u011b ka\u017ed\u00e9mu. No \u0159ekn\u011bte mi, kdo z v\u00e1s nepot\u0159eboval schovat n\u011bjak\u00e9 v\u011bci p\u0159ed n\u011bk\u00fdm? Na to se hod\u00ed pr\u00e1v\u011b p\u0159epravky.                                                                                                                                                                                                                                                                                                                                                                                          4.2\/5 - (9 votes)        "},{"@context":"https:\/\/schema.org\/","@type":"BreadcrumbList","itemListElement":[{"@type":"ListItem","position":1,"name":"P\u0159epravky na v\u0161echno","item":"https:\/\/www.azurreizen.cz\/prepravky-na-vsechno\/#breadcrumbitem"}]}]