[{"@context":"https:\/\/schema.org\/","@type":"Article","@id":"https:\/\/www.azurreizen.cz\/prazske-uklizene-byty-a-oda-na-radost\/#Article","mainEntityOfPage":"https:\/\/www.azurreizen.cz\/prazske-uklizene-byty-a-oda-na-radost\/","headline":"Pra\u017esk\u00e9 uklizen\u00e9 byty a \u00f3da na radost","name":"Pra\u017esk\u00e9 uklizen\u00e9 byty a \u00f3da na radost","description":"Kdo by si nep\u0159\u00e1l p\u0159ij\u00edt do \u010dist\u00e9ho a uklizen\u00e9ho, rozvalit se na \u010derstv\u011b vys\u00e1t\u00e9 a vy\u010di\u0161t\u011bn\u00e9 seda\u010dce a d\u00e1t si v\u00edno do \u010dist\u00e9 sklenice a t\u0159eba i d\u00e1t nohy na kr\u00e1sn\u011b vy\u010di\u0161t\u011bn\u00fd st\u016fl? Je to tak trochu perfektn\u00ed p\u0159edstava, no ne? Po t\u011b\u017ek\u00e9m dni pr\u00e1ce si koneckonc\u016f zaslou\u017e\u00edte i takov\u00e9 minimum. Hlavn\u011b, kdy\u017e vezmete v [&hellip;]","datePublished":"2019-12-01","dateModified":"2023-04-28","author":{"@type":"Person","@id":"https:\/\/www.azurreizen.cz\/author\/#Person","name":"","url":"https:\/\/www.azurreizen.cz\/author\/","identifier":1,"image":{"@type":"ImageObject","@id":"https:\/\/secure.gravatar.com\/avatar\/9514fe8d0d5bc6f8b5e285c47f6d71536ab35446ffb077fff11f6ca1fa8b00ce?s=96&d=mm&r=g","url":"https:\/\/secure.gravatar.com\/avatar\/9514fe8d0d5bc6f8b5e285c47f6d71536ab35446ffb077fff11f6ca1fa8b00ce?s=96&d=mm&r=g","height":96,"width":96}},"publisher":{"@type":"Organization","name":"azurreizen.cz","logo":{"@type":"ImageObject","@id":"\/logo.png","url":"\/logo.png","width":600,"height":60}},"image":{"@type":"ImageObject","@id":"https:\/\/www.azurreizen.cz\/wp-content\/uploads\/img_a369238_w1764_t1581411854.jpg","url":"https:\/\/www.azurreizen.cz\/wp-content\/uploads\/img_a369238_w1764_t1581411854.jpg","height":0,"width":0},"url":"https:\/\/www.azurreizen.cz\/prazske-uklizene-byty-a-oda-na-radost\/","about":["Business"],"wordCount":441,"articleBody":"       Kdo by si nep\u0159\u00e1l p\u0159ij\u00edt do \u010dist\u00e9ho a uklizen\u00e9ho, rozvalit se na \u010derstv\u011b vys\u00e1t\u00e9 a vy\u010di\u0161t\u011bn\u00e9 seda\u010dce a d\u00e1t si v\u00edno do \u010dist\u00e9 sklenice a t\u0159eba i d\u00e1t nohy na kr\u00e1sn\u011b vy\u010di\u0161t\u011bn\u00fd st\u016fl? Je to tak trochu perfektn\u00ed p\u0159edstava, no ne? Po t\u011b\u017ek\u00e9m dni pr\u00e1ce si koneckonc\u016f zaslou\u017e\u00edte i takov\u00e9 minimum. Hlavn\u011b, kdy\u017e vezmete v potaz, \u017ee ka\u017edodenn\u00edm \u00faklidem ztrat\u00edte hned n\u011bkolik hodin \u010dasu. To se toti\u017e lehce \u0159ekne, um\u00fdt okna a um\u00fdt d\u0159ez nebo t\u0159eba uklidit v pokoji \u010di vy\u010distit koupelnu. Takhle to jsou dv\u011b slova ve v\u011bt\u011b a zn\u00ed to p\u011bkn\u011b, ov\u0161em kdy\u017e se do toho pust\u00edte, najednou zjist\u00edte, \u017ee u\u017e v\u00e1m te\u010de pot po tv\u00e1\u0159i a \u010das ob\u011bda d\u00e1vno minul. Tak si \u0159\u00edk\u00e1te, \u017ee kdy\u017e u\u017e jste se do toho pustili, dod\u011bl\u00e1te to, jako ostatn\u011b v\u0161echno. To je ale samoz\u0159ejm\u011b velk\u00e1 \u010dasov\u00e1 chyba, proto\u017ee nyn\u00ed se u\u017e pomalu stm\u00edv\u00e1 a vy si tak m\u016f\u017eete akor\u00e1t u\u017e\u00edt v\u00edt\u011bzoslavn\u00fdch posledn\u00edch p\u00e1r hodin z voln\u00e9ho \u010dasu, kter\u00fd stejn\u011b str\u00e1v\u00edte tak, \u017ee usnete na pohovce a budete kontemplovat \u017eivot ve snech. Tomu ale m\u016f\u017ee b\u00fdt jednou pro v\u017edy konec! \u00daklid Praha 9 je tu pro v\u00e1s, aby v\u00e1s zbavil va\u0161ich bezmezn\u00fdch probl\u00e9m\u016f, kter\u00e9 m\u00e1te s \u010dasem. Perfektn\u00ed a efektivn\u00ed \u00faklid poka\u017ed\u00e9, co na\u0161i zam\u011bstnanci nav\u0161t\u00edv\u00ed v\u00e1\u0161 byt \u010di kancel\u00e1\u0159, \u017ee budete doslova \u017easnout a z\u00e1rove\u0148 si budete klepat na \u010delo a \u0159\u00edkat si, pro\u010d jste n\u011bco takov\u00e9ho neud\u011blali ji\u017e d\u0159\u00edve. Dnes je naprosto norm\u00e1ln\u00ed out-sourceovat pr\u00e1ci jinde a zab\u00fdvat se d\u016fle\u017eit\u00fdmi v\u011bcmi nebo odevzd\u00e1vat rutinn\u00ed, ale odbornou pr\u00e1ci, n\u011bkomu jin\u00e9mu, tak pro\u010d byste tohle nem\u011bli aplikovat tak\u00e9 na \u00faklid? P\u0159eci jen, pan\u00ed \u010di p\u00e1n, kter\u00fd takhle uklid\u00ed dennodenn\u011b p\u011bt byt\u016f m\u00e1 p\u0159ece jen v\u00edce zku\u0161enost\u00ed a jde mu to rychleji, ne\u017e kdy\u017e jednou amat\u00e9rsky p\u0159ejedete had\u0159\u00edkem na prach sk\u0159\u00ed\u0148 a m\u00e1te hotovo. Nav\u00edc tak\u00e9 m\u016f\u017eete omezit koup\u011b ve\u0161ker\u00fdch \u010distic\u00edch prost\u0159edk\u016f, kter\u00e9 v\u00e1m mohou akor\u00e1t zab\u00edrat m\u00edsto. Tak na co vlastn\u011b je\u0161t\u011b \u010dek\u00e1te? Zavolejte je\u0161t\u011b dnes a \u0161et\u0159ete s n\u00e1mi \u010das i va\u0161e nervy!                                                                                                                                                                                                                                                                                                                                                                                          5\/5 - (2 votes)        "},{"@context":"https:\/\/schema.org\/","@type":"BreadcrumbList","itemListElement":[{"@type":"ListItem","position":1,"name":"Pra\u017esk\u00e9 uklizen\u00e9 byty a \u00f3da na radost","item":"https:\/\/www.azurreizen.cz\/prazske-uklizene-byty-a-oda-na-radost\/#breadcrumbitem"}]}]