[{"@context":"https:\/\/schema.org\/","@type":"Article","@id":"https:\/\/www.azurreizen.cz\/poridte-si-paradni-terasu-z-kvalitniho-dreva\/#Article","mainEntityOfPage":"https:\/\/www.azurreizen.cz\/poridte-si-paradni-terasu-z-kvalitniho-dreva\/","headline":"Po\u0159i\u010fte si par\u00e1dn\u00ed terasu z kvalitn\u00edho d\u0159eva","name":"Po\u0159i\u010fte si par\u00e1dn\u00ed terasu z kvalitn\u00edho d\u0159eva","description":"Jedin\u011b z kvalitn\u00edho materi\u00e1lu m\u016f\u017ee vzniknout kvalitn\u00ed stavba. Dokonce se d\u00e1 \u0159\u00edct, \u017ee materi\u00e1l je z\u00e1klad, kter\u00fd je d\u016fle\u017eit\u011bj\u0161\u00ed ne\u017e ten, kdo s n\u00edm bude pracovat. Pokud jde o z\u00e1kladn\u00ed opracov\u00e1n\u00ed d\u0159eva, tak to nen\u00ed nijak zvl\u00e1\u0161\u0165 n\u00e1ro\u010dn\u00e9 a mohou se do n\u011bho pustit nejen profesion\u00e1ln\u00ed \u0159emesln\u00edci, ale klidn\u011b i amat\u00e9\u0159i bez \u0161pi\u010dkov\u00e9ho vybaven\u00ed. D\u0159evo [&hellip;]","datePublished":"2019-10-03","dateModified":"2023-04-28","author":{"@type":"Person","@id":"https:\/\/www.azurreizen.cz\/author\/#Person","name":"","url":"https:\/\/www.azurreizen.cz\/author\/","identifier":1,"image":{"@type":"ImageObject","@id":"https:\/\/secure.gravatar.com\/avatar\/9514fe8d0d5bc6f8b5e285c47f6d71536ab35446ffb077fff11f6ca1fa8b00ce?s=96&d=mm&r=g","url":"https:\/\/secure.gravatar.com\/avatar\/9514fe8d0d5bc6f8b5e285c47f6d71536ab35446ffb077fff11f6ca1fa8b00ce?s=96&d=mm&r=g","height":96,"width":96}},"publisher":{"@type":"Organization","name":"azurreizen.cz","logo":{"@type":"ImageObject","@id":"\/logo.png","url":"\/logo.png","width":600,"height":60}},"image":{"@type":"ImageObject","@id":"https:\/\/www.azurreizen.cz\/wp-content\/uploads\/img_a369381_w1764_t1581579433.jpg","url":"https:\/\/www.azurreizen.cz\/wp-content\/uploads\/img_a369381_w1764_t1581579433.jpg","height":0,"width":0},"url":"https:\/\/www.azurreizen.cz\/poridte-si-paradni-terasu-z-kvalitniho-dreva\/","about":["V\u00fdrobky"],"wordCount":396,"articleBody":"       Jedin\u011b z kvalitn\u00edho materi\u00e1lu m\u016f\u017ee vzniknout kvalitn\u00ed stavba. Dokonce se d\u00e1 \u0159\u00edct, \u017ee materi\u00e1l je z\u00e1klad, kter\u00fd je d\u016fle\u017eit\u011bj\u0161\u00ed ne\u017e ten, kdo s n\u00edm bude pracovat. Pokud jde o z\u00e1kladn\u00ed opracov\u00e1n\u00ed d\u0159eva, tak to nen\u00ed nijak zvl\u00e1\u0161\u0165 n\u00e1ro\u010dn\u00e9 a mohou se do n\u011bho pustit nejen profesion\u00e1ln\u00ed \u0159emesln\u00edci, ale klidn\u011b i amat\u00e9\u0159i bez \u0161pi\u010dkov\u00e9ho vybaven\u00ed. D\u0159evo je poddajn\u00e9, tv\u00e1rn\u00e9, a m\u00e1te jistotu, \u017ee v\u00fdsledek bude dokonal\u00fd.   Masivn\u00ed d\u0159evo je toti\u017e materi\u00e1l, kter\u00fd se bude dob\u0159e vyj\u00edmat jak uvnit\u0159 domu, tak i v exteri\u00e9ru. To jedin\u00e9, na co byste si m\u011bli d\u00e1t pozor, je to, abyste si vyb\u00edrali materi\u00e1l v t\u00e9 nejvy\u0161\u0161\u00ed kvalit\u011b. Takov\u00fd, kter\u00fd je dob\u0159e usu\u0161en\u00fd, tak\u017ee se posl\u00e9ze nebude kroutit, praskat, a jinak m\u011bnit tvar. A ide\u00e1ln\u011b i takov\u00fd, kter\u00fd je vhodn\u011b opracovan\u00fd, co\u017e v\u00e1m nakonec u\u0161et\u0159\u00ed spoustu pr\u00e1ce. Tak\u017ee pokud se t\u0159eba chyst\u00e1te pro stavbu terasy sv\u00e9pomoc\u00ed, vyberte si takov\u00e1 terasov\u00e1 prkna, kter\u00e1 v\u00e1s nezklamou. Pr\u00e1v\u011b na jejich kvalit\u011b z\u00e1vis\u00ed celkov\u00fd v\u00fdsledek va\u0161eho \u00fasil\u00ed. A myslete na to, \u017ee by m\u011bl b\u00fdt dlouhodob\u00fd, proto\u017ee takov\u00e1 stavba p\u0159ece jen nen\u00ed na jedno pou\u017eit\u00ed. Pro venkovn\u00ed stavby je typick\u00e9, \u017ee se nevyhnout p\u016fsoben\u00ed po\u010das\u00ed a jin\u00fdch faktor\u016f. Jinak \u0159e\u010deno, stoj\u00ed v nestabiln\u00edm prost\u0159ed\u00ed, kter\u00e9 se v pr\u016fb\u011bhu roku m\u011bn\u00ed, a\u0165 u\u017e jde o vzdu\u0161nou vlhkost, teplotu, anebo p\u0159\u00edpadn\u011b i extr\u00e9mn\u00ed mrazy. A pr\u00e1v\u011b to je p\u00e1dn\u00fd d\u016fvod, pro\u010d se vyplat\u00ed s\u00e1zka na d\u0159eviny, kter\u00e9 jsou na takov\u00e9 klimatick\u00e9 podm\u00ednky navykl\u00e9. P\u0159esto\u017ee jsou nyn\u00ed v m\u00f3d\u011b tvrd\u00e9 a barevn\u011b v\u00fdrazn\u00e9 exotick\u00e9 d\u0159eviny z trop\u016f, jejich pou\u017eit\u00ed m\u00e1 sv\u00e1 \u00faskal\u00ed. Prudk\u00e9 st\u0159\u00edd\u00e1n\u00ed teplot l\u00e9ta a zimy, mrazy a such\u00fd vzduch zp\u016fsobuj\u00ed jejich prask\u00e1n\u00ed a kroucen\u00ed.  Nic takov\u00e9ho se v\u00e1m naopak nestane, pokud vsad\u00edte na evropsk\u00e9 \u010di sibi\u0159sk\u00e9 d\u0159eviny, kter\u00e9 jsou v na\u0161em podnebn\u00e9m p\u00e1su jako doma. A je \u00fapln\u011b jedno, zda preferujete sibi\u0159sk\u00fd mod\u0159\u00edn, severskou borovici, anebo t\u0159eba \u010desk\u00fd smrk.                                                                                                                                                                                                                                                                                                                                                                                          3.8\/5 - (6 votes)        "},{"@context":"https:\/\/schema.org\/","@type":"BreadcrumbList","itemListElement":[{"@type":"ListItem","position":1,"name":"Po\u0159i\u010fte si par\u00e1dn\u00ed terasu z kvalitn\u00edho d\u0159eva","item":"https:\/\/www.azurreizen.cz\/poridte-si-paradni-terasu-z-kvalitniho-dreva\/#breadcrumbitem"}]}]