[{"@context":"https:\/\/schema.org\/","@type":"Blog","@id":"https:\/\/www.azurreizen.cz#Blog","headline":"Azurreizen","description":"\nChcete poznat web, na kter\u00fd pro jeho kvality dost mo\u017en\u00e1 a\u017e do nejdel\u0161\u00ed smrti nezapomenete? Pokud ano, jste na n\u011bm, tedy na na\u0161em webu, v\u017edy srde\u010dn\u011b v\u00edt\u00e1ni.","url":"https:\/\/www.azurreizen.cz","hasPart":[{"@type":"Article","@id":"https:\/\/www.azurreizen.cz\/parne-dny\/","headline":"Parn\u00e9 dny","url":"https:\/\/www.azurreizen.cz\/parne-dny\/","datePublished":"2023-12-15","dateModified":"2023-12-15","mainEntityOfPage":"https:\/\/www.azurreizen.cz\/parne-dny\/","author":{"@type":"Person","@id":"https:\/\/www.azurreizen.cz\/author\/#Person","name":"","url":"https:\/\/www.azurreizen.cz\/author\/","identifier":1,"image":{"@type":"ImageObject","@id":"https:\/\/secure.gravatar.com\/avatar\/9514fe8d0d5bc6f8b5e285c47f6d71536ab35446ffb077fff11f6ca1fa8b00ce?s=96&d=mm&r=g","url":"https:\/\/secure.gravatar.com\/avatar\/9514fe8d0d5bc6f8b5e285c47f6d71536ab35446ffb077fff11f6ca1fa8b00ce?s=96&d=mm&r=g","height":96,"width":96}},"publisher":{"@type":"Organization","name":"azurreizen.cz","logo":{"@type":"ImageObject","@id":"\/logo.png","url":"\/logo.png","width":600,"height":60}},"image":{"@type":"ImageObject","@id":"https:\/\/www.azurreizen.cz\/wp-content\/uploads\/young-swimmer-2494904_640.jpg","url":"https:\/\/www.azurreizen.cz\/wp-content\/uploads\/young-swimmer-2494904_640.jpg","height":0,"width":0},"wordCount":655,"keywords":null},{"@type":"Article","@id":"https:\/\/www.azurreizen.cz\/idealni-propagace-s-vystavnimi-stanky\/","headline":"Ide\u00e1ln\u00ed propagace s v\u00fdstavn\u00edmi st\u00e1nky","url":"https:\/\/www.azurreizen.cz\/idealni-propagace-s-vystavnimi-stanky\/","datePublished":"2023-11-23","dateModified":"2023-11-23","mainEntityOfPage":"https:\/\/www.azurreizen.cz\/idealni-propagace-s-vystavnimi-stanky\/","author":{"@type":"Person","@id":"https:\/\/www.azurreizen.cz\/author\/#Person","name":"","url":"https:\/\/www.azurreizen.cz\/author\/","identifier":1,"image":{"@type":"ImageObject","@id":"https:\/\/secure.gravatar.com\/avatar\/9514fe8d0d5bc6f8b5e285c47f6d71536ab35446ffb077fff11f6ca1fa8b00ce?s=96&d=mm&r=g","url":"https:\/\/secure.gravatar.com\/avatar\/9514fe8d0d5bc6f8b5e285c47f6d71536ab35446ffb077fff11f6ca1fa8b00ce?s=96&d=mm&r=g","height":96,"width":96}},"publisher":{"@type":"Organization","name":"azurreizen.cz","logo":{"@type":"ImageObject","@id":"\/logo.png","url":"\/logo.png","width":600,"height":60}},"image":null,"wordCount":267,"keywords":null},{"@type":"Article","@id":"https:\/\/www.azurreizen.cz\/ucinky-fenyklu\/","headline":"\u00da\u010dinky fenyklu","url":"https:\/\/www.azurreizen.cz\/ucinky-fenyklu\/","datePublished":"2023-11-21","dateModified":"2024-03-05","mainEntityOfPage":"https:\/\/www.azurreizen.cz\/ucinky-fenyklu\/","author":{"@type":"Person","@id":"https:\/\/www.azurreizen.cz\/author\/#Person","name":"","url":"https:\/\/www.azurreizen.cz\/author\/","identifier":1,"image":{"@type":"ImageObject","@id":"https:\/\/secure.gravatar.com\/avatar\/9514fe8d0d5bc6f8b5e285c47f6d71536ab35446ffb077fff11f6ca1fa8b00ce?s=96&d=mm&r=g","url":"https:\/\/secure.gravatar.com\/avatar\/9514fe8d0d5bc6f8b5e285c47f6d71536ab35446ffb077fff11f6ca1fa8b00ce?s=96&d=mm&r=g","height":96,"width":96}},"publisher":{"@type":"Organization","name":"azurreizen.cz","logo":{"@type":"ImageObject","@id":"\/logo.png","url":"\/logo.png","width":600,"height":60}},"image":{"@type":"ImageObject","@id":"https:\/\/www.azurreizen.cz\/wp-content\/uploads\/soumi-pal-l6ETd9hSNO4-unsplash_1.jpg","url":"https:\/\/www.azurreizen.cz\/wp-content\/uploads\/soumi-pal-l6ETd9hSNO4-unsplash_1.jpg","height":0,"width":0},"wordCount":548,"keywords":null},{"@type":"Article","@id":"https:\/\/www.azurreizen.cz\/sekacky-s-vlastnim-pohonem-jsou-v-kopcovitem-terenu-k-nezaplaceni\/","headline":"Seka\u010dky s vlastn\u00edm pohonem jsou v kopcovit\u00e9m ter\u00e9nu k nezaplacen\u00ed","url":"https:\/\/www.azurreizen.cz\/sekacky-s-vlastnim-pohonem-jsou-v-kopcovitem-terenu-k-nezaplaceni\/","datePublished":"2023-10-14","dateModified":"2023-10-14","mainEntityOfPage":"https:\/\/www.azurreizen.cz\/sekacky-s-vlastnim-pohonem-jsou-v-kopcovitem-terenu-k-nezaplaceni\/","author":{"@type":"Person","@id":"https:\/\/www.azurreizen.cz\/author\/#Person","name":"","url":"https:\/\/www.azurreizen.cz\/author\/","identifier":1,"image":{"@type":"ImageObject","@id":"https:\/\/secure.gravatar.com\/avatar\/9514fe8d0d5bc6f8b5e285c47f6d71536ab35446ffb077fff11f6ca1fa8b00ce?s=96&d=mm&r=g","url":"https:\/\/secure.gravatar.com\/avatar\/9514fe8d0d5bc6f8b5e285c47f6d71536ab35446ffb077fff11f6ca1fa8b00ce?s=96&d=mm&r=g","height":96,"width":96}},"publisher":{"@type":"Organization","name":"azurreizen.cz","logo":{"@type":"ImageObject","@id":"\/logo.png","url":"\/logo.png","width":600,"height":60}},"image":null,"wordCount":263,"keywords":null},{"@type":"Article","@id":"https:\/\/www.azurreizen.cz\/mladsi-vzhled-i-ve-vyssim-veku\/","headline":"Mlad\u0161\u00ed vzhled i ve vy\u0161\u0161\u00edm v\u011bku","url":"https:\/\/www.azurreizen.cz\/mladsi-vzhled-i-ve-vyssim-veku\/","datePublished":"2023-09-24","dateModified":"2023-10-31","mainEntityOfPage":"https:\/\/www.azurreizen.cz\/mladsi-vzhled-i-ve-vyssim-veku\/","author":{"@type":"Person","@id":"https:\/\/www.azurreizen.cz\/author\/#Person","name":"","url":"https:\/\/www.azurreizen.cz\/author\/","identifier":1,"image":{"@type":"ImageObject","@id":"https:\/\/secure.gravatar.com\/avatar\/9514fe8d0d5bc6f8b5e285c47f6d71536ab35446ffb077fff11f6ca1fa8b00ce?s=96&d=mm&r=g","url":"https:\/\/secure.gravatar.com\/avatar\/9514fe8d0d5bc6f8b5e285c47f6d71536ab35446ffb077fff11f6ca1fa8b00ce?s=96&d=mm&r=g","height":96,"width":96}},"publisher":{"@type":"Organization","name":"azurreizen.cz","logo":{"@type":"ImageObject","@id":"\/logo.png","url":"\/logo.png","width":600,"height":60}},"image":{"@type":"ImageObject","@id":"https:\/\/www.azurreizen.cz\/wp-content\/uploads\/hoang-vu-tuyen-P_91CY77Z6I-unsplash.jpg","url":"https:\/\/www.azurreizen.cz\/wp-content\/uploads\/hoang-vu-tuyen-P_91CY77Z6I-unsplash.jpg","height":0,"width":0},"wordCount":486,"keywords":null},{"@type":"Article","@id":"https:\/\/www.azurreizen.cz\/stari-dobry-napad-a-muzete-zacit-stavet\/","headline":"Sta\u0159\u00ed dobr\u00fd n\u00e1pad a m\u016f\u017eete za\u010d\u00edt stav\u011bt","url":"https:\/\/www.azurreizen.cz\/stari-dobry-napad-a-muzete-zacit-stavet\/","datePublished":"2023-09-05","dateModified":"2023-09-05","mainEntityOfPage":"https:\/\/www.azurreizen.cz\/stari-dobry-napad-a-muzete-zacit-stavet\/","author":{"@type":"Person","@id":"https:\/\/www.azurreizen.cz\/author\/#Person","name":"","url":"https:\/\/www.azurreizen.cz\/author\/","identifier":1,"image":{"@type":"ImageObject","@id":"https:\/\/secure.gravatar.com\/avatar\/9514fe8d0d5bc6f8b5e285c47f6d71536ab35446ffb077fff11f6ca1fa8b00ce?s=96&d=mm&r=g","url":"https:\/\/secure.gravatar.com\/avatar\/9514fe8d0d5bc6f8b5e285c47f6d71536ab35446ffb077fff11f6ca1fa8b00ce?s=96&d=mm&r=g","height":96,"width":96}},"publisher":{"@type":"Organization","name":"azurreizen.cz","logo":{"@type":"ImageObject","@id":"\/logo.png","url":"\/logo.png","width":600,"height":60}},"image":null,"wordCount":288,"keywords":null},{"@type":"Article","@id":"https:\/\/www.azurreizen.cz\/splnte-si-svuj-sen\/","headline":"Spl\u0148te si sv\u016fj sen","url":"https:\/\/www.azurreizen.cz\/splnte-si-svuj-sen\/","datePublished":"2023-07-29","dateModified":"2023-07-29","mainEntityOfPage":"https:\/\/www.azurreizen.cz\/splnte-si-svuj-sen\/","author":{"@type":"Person","@id":"https:\/\/www.azurreizen.cz\/author\/#Person","name":"","url":"https:\/\/www.azurreizen.cz\/author\/","identifier":1,"image":{"@type":"ImageObject","@id":"https:\/\/secure.gravatar.com\/avatar\/9514fe8d0d5bc6f8b5e285c47f6d71536ab35446ffb077fff11f6ca1fa8b00ce?s=96&d=mm&r=g","url":"https:\/\/secure.gravatar.com\/avatar\/9514fe8d0d5bc6f8b5e285c47f6d71536ab35446ffb077fff11f6ca1fa8b00ce?s=96&d=mm&r=g","height":96,"width":96}},"publisher":{"@type":"Organization","name":"azurreizen.cz","logo":{"@type":"ImageObject","@id":"\/logo.png","url":"\/logo.png","width":600,"height":60}},"image":null,"wordCount":285,"keywords":null},{"@type":"Article","@id":"https:\/\/www.azurreizen.cz\/i-sex-ma-svuj-vyznam\/","headline":"I sex m\u00e1 sv\u016fj v\u00fdznam","url":"https:\/\/www.azurreizen.cz\/i-sex-ma-svuj-vyznam\/","datePublished":"2023-07-25","dateModified":"2024-05-28","mainEntityOfPage":"https:\/\/www.azurreizen.cz\/i-sex-ma-svuj-vyznam\/","author":{"@type":"Person","@id":"https:\/\/www.azurreizen.cz\/author\/#Person","name":"","url":"https:\/\/www.azurreizen.cz\/author\/","identifier":1,"image":{"@type":"ImageObject","@id":"https:\/\/secure.gravatar.com\/avatar\/9514fe8d0d5bc6f8b5e285c47f6d71536ab35446ffb077fff11f6ca1fa8b00ce?s=96&d=mm&r=g","url":"https:\/\/secure.gravatar.com\/avatar\/9514fe8d0d5bc6f8b5e285c47f6d71536ab35446ffb077fff11f6ca1fa8b00ce?s=96&d=mm&r=g","height":96,"width":96}},"publisher":{"@type":"Organization","name":"azurreizen.cz","logo":{"@type":"ImageObject","@id":"\/logo.png","url":"\/logo.png","width":600,"height":60}},"image":{"@type":"ImageObject","@id":"https:\/\/www.azurreizen.cz\/wp-content\/uploads\/eeeeeeeeeee%20e.jpg","url":"https:\/\/www.azurreizen.cz\/wp-content\/uploads\/eeeeeeeeeee%20e.jpg","height":0,"width":0},"wordCount":615,"keywords":null},{"@type":"Article","@id":"https:\/\/www.azurreizen.cz\/kde-jste-byli-v-lete\/","headline":"Kde jste byli v l\u00e9t\u011b?","url":"https:\/\/www.azurreizen.cz\/kde-jste-byli-v-lete\/","datePublished":"2023-06-23","dateModified":"2024-06-26","mainEntityOfPage":"https:\/\/www.azurreizen.cz\/kde-jste-byli-v-lete\/","author":{"@type":"Person","@id":"https:\/\/www.azurreizen.cz\/author\/#Person","name":"","url":"https:\/\/www.azurreizen.cz\/author\/","identifier":1,"image":{"@type":"ImageObject","@id":"https:\/\/secure.gravatar.com\/avatar\/9514fe8d0d5bc6f8b5e285c47f6d71536ab35446ffb077fff11f6ca1fa8b00ce?s=96&d=mm&r=g","url":"https:\/\/secure.gravatar.com\/avatar\/9514fe8d0d5bc6f8b5e285c47f6d71536ab35446ffb077fff11f6ca1fa8b00ce?s=96&d=mm&r=g","height":96,"width":96}},"publisher":{"@type":"Organization","name":"azurreizen.cz","logo":{"@type":"ImageObject","@id":"\/logo.png","url":"\/logo.png","width":600,"height":60}},"image":null,"wordCount":278,"keywords":null},{"@type":"Article","@id":"https:\/\/www.azurreizen.cz\/vahy-vhodne-pro-stavebni-strojirensky-ci-zemedelsky-prumysl-jsou-tu\/","headline":"V\u00e1hy vhodn\u00e9 pro stavebn\u00ed, stroj\u00edrensk\u00fd \u010di zem\u011bd\u011blsk\u00fd pr\u016fmysl jsou tu!","url":"https:\/\/www.azurreizen.cz\/vahy-vhodne-pro-stavebni-strojirensky-ci-zemedelsky-prumysl-jsou-tu\/","datePublished":"2023-05-06","dateModified":"2024-05-08","mainEntityOfPage":"https:\/\/www.azurreizen.cz\/vahy-vhodne-pro-stavebni-strojirensky-ci-zemedelsky-prumysl-jsou-tu\/","author":{"@type":"Person","@id":"https:\/\/www.azurreizen.cz\/author\/#Person","name":"","url":"https:\/\/www.azurreizen.cz\/author\/","identifier":1,"image":{"@type":"ImageObject","@id":"https:\/\/secure.gravatar.com\/avatar\/9514fe8d0d5bc6f8b5e285c47f6d71536ab35446ffb077fff11f6ca1fa8b00ce?s=96&d=mm&r=g","url":"https:\/\/secure.gravatar.com\/avatar\/9514fe8d0d5bc6f8b5e285c47f6d71536ab35446ffb077fff11f6ca1fa8b00ce?s=96&d=mm&r=g","height":96,"width":96}},"publisher":{"@type":"Organization","name":"azurreizen.cz","logo":{"@type":"ImageObject","@id":"\/logo.png","url":"\/logo.png","width":600,"height":60}},"image":null,"wordCount":563,"keywords":null}]},{"@context":"https:\/\/schema.org","@type":"WebSite","@id":"https:\/\/www.azurreizen.cz\/#website","name":"Azurreizen","url":"https:\/\/www.azurreizen.cz","potentialAction":{"@type":"SearchAction","target":"https:\/\/www.azurreizen.cz\/?s={search_term_string}","query-input":"required name=search_term_string"}}]