[{"@context":"https:\/\/schema.org\/","@type":"Blog","@id":"https:\/\/www.azurreizen.cz#Blog","headline":"Azurreizen","description":"\nChcete poznat web, na kter\u00fd pro jeho kvality dost mo\u017en\u00e1 a\u017e do nejdel\u0161\u00ed smrti nezapomenete? Pokud ano, jste na n\u011bm, tedy na na\u0161em webu, v\u017edy srde\u010dn\u011b v\u00edt\u00e1ni.","url":"https:\/\/www.azurreizen.cz","hasPart":[{"@type":"Article","@id":"https:\/\/www.azurreizen.cz\/jak-se-zbavit-nudy-zkuste-aquapark\/","headline":"Jak se zbavit nudy? Zkuste aquapark","url":"https:\/\/www.azurreizen.cz\/jak-se-zbavit-nudy-zkuste-aquapark\/","datePublished":"2016-10-18","dateModified":"2023-04-28","mainEntityOfPage":"https:\/\/www.azurreizen.cz\/jak-se-zbavit-nudy-zkuste-aquapark\/","author":{"@type":"Person","@id":"https:\/\/www.azurreizen.cz\/author\/#Person","name":"","url":"https:\/\/www.azurreizen.cz\/author\/","identifier":1,"image":{"@type":"ImageObject","@id":"https:\/\/secure.gravatar.com\/avatar\/9514fe8d0d5bc6f8b5e285c47f6d71536ab35446ffb077fff11f6ca1fa8b00ce?s=96&d=mm&r=g","url":"https:\/\/secure.gravatar.com\/avatar\/9514fe8d0d5bc6f8b5e285c47f6d71536ab35446ffb077fff11f6ca1fa8b00ce?s=96&d=mm&r=g","height":96,"width":96}},"publisher":{"@type":"Organization","name":"azurreizen.cz","logo":{"@type":"ImageObject","@id":"\/logo.png","url":"\/logo.png","width":600,"height":60}},"image":{"@type":"ImageObject","@id":"https:\/\/www.azurreizen.cz\/wp-content\/uploads\/img_a278194_w1764_t1602051304.jpg","url":"https:\/\/www.azurreizen.cz\/wp-content\/uploads\/img_a278194_w1764_t1602051304.jpg","height":0,"width":0},"wordCount":731,"keywords":null},{"@type":"Article","@id":"https:\/\/www.azurreizen.cz\/cetba-je-dulezitou-soucasti-zivota\/","headline":"\u010cetba je d\u016fle\u017eitou sou\u010d\u00e1st\u00ed \u017eivota","url":"https:\/\/www.azurreizen.cz\/cetba-je-dulezitou-soucasti-zivota\/","datePublished":"2016-10-18","dateModified":"2023-04-28","mainEntityOfPage":"https:\/\/www.azurreizen.cz\/cetba-je-dulezitou-soucasti-zivota\/","author":{"@type":"Person","@id":"https:\/\/www.azurreizen.cz\/author\/#Person","name":"","url":"https:\/\/www.azurreizen.cz\/author\/","identifier":1,"image":{"@type":"ImageObject","@id":"https:\/\/secure.gravatar.com\/avatar\/9514fe8d0d5bc6f8b5e285c47f6d71536ab35446ffb077fff11f6ca1fa8b00ce?s=96&d=mm&r=g","url":"https:\/\/secure.gravatar.com\/avatar\/9514fe8d0d5bc6f8b5e285c47f6d71536ab35446ffb077fff11f6ca1fa8b00ce?s=96&d=mm&r=g","height":96,"width":96}},"publisher":{"@type":"Organization","name":"azurreizen.cz","logo":{"@type":"ImageObject","@id":"\/logo.png","url":"\/logo.png","width":600,"height":60}},"image":{"@type":"ImageObject","@id":"https:\/\/www.azurreizen.cz\/wp-content\/uploads\/img_a278193_w1764_t1602049622.jpg","url":"https:\/\/www.azurreizen.cz\/wp-content\/uploads\/img_a278193_w1764_t1602049622.jpg","height":0,"width":0},"wordCount":648,"keywords":null},{"@type":"Article","@id":"https:\/\/www.azurreizen.cz\/televize-a-vse-o-jeji-historii\/","headline":"Televize a v\u0161e o jej\u00ed historii","url":"https:\/\/www.azurreizen.cz\/televize-a-vse-o-jeji-historii\/","datePublished":"2016-10-18","dateModified":"2023-04-28","mainEntityOfPage":"https:\/\/www.azurreizen.cz\/televize-a-vse-o-jeji-historii\/","author":{"@type":"Person","@id":"https:\/\/www.azurreizen.cz\/author\/#Person","name":"","url":"https:\/\/www.azurreizen.cz\/author\/","identifier":1,"image":{"@type":"ImageObject","@id":"https:\/\/secure.gravatar.com\/avatar\/9514fe8d0d5bc6f8b5e285c47f6d71536ab35446ffb077fff11f6ca1fa8b00ce?s=96&d=mm&r=g","url":"https:\/\/secure.gravatar.com\/avatar\/9514fe8d0d5bc6f8b5e285c47f6d71536ab35446ffb077fff11f6ca1fa8b00ce?s=96&d=mm&r=g","height":96,"width":96}},"publisher":{"@type":"Organization","name":"azurreizen.cz","logo":{"@type":"ImageObject","@id":"\/logo.png","url":"\/logo.png","width":600,"height":60}},"image":{"@type":"ImageObject","@id":"https:\/\/www.azurreizen.cz\/wp-content\/uploads\/img_a278192_w1764_t1602049516.jpg","url":"https:\/\/www.azurreizen.cz\/wp-content\/uploads\/img_a278192_w1764_t1602049516.jpg","height":0,"width":0},"wordCount":832,"keywords":null},{"@type":"Article","@id":"https:\/\/www.azurreizen.cz\/koulelo-se-koulelo\/","headline":"Koulelo se koulelo","url":"https:\/\/www.azurreizen.cz\/koulelo-se-koulelo\/","datePublished":"2016-10-14","dateModified":"2023-04-28","mainEntityOfPage":"https:\/\/www.azurreizen.cz\/koulelo-se-koulelo\/","author":{"@type":"Person","@id":"https:\/\/www.azurreizen.cz\/author\/#Person","name":"","url":"https:\/\/www.azurreizen.cz\/author\/","identifier":1,"image":{"@type":"ImageObject","@id":"https:\/\/secure.gravatar.com\/avatar\/9514fe8d0d5bc6f8b5e285c47f6d71536ab35446ffb077fff11f6ca1fa8b00ce?s=96&d=mm&r=g","url":"https:\/\/secure.gravatar.com\/avatar\/9514fe8d0d5bc6f8b5e285c47f6d71536ab35446ffb077fff11f6ca1fa8b00ce?s=96&d=mm&r=g","height":96,"width":96}},"publisher":{"@type":"Organization","name":"azurreizen.cz","logo":{"@type":"ImageObject","@id":"\/logo.png","url":"\/logo.png","width":600,"height":60}},"image":{"@type":"ImageObject","@id":"https:\/\/www.azurreizen.cz\/wp-content\/uploads\/img_a278013_w1764_t1601887403.jpg","url":"https:\/\/www.azurreizen.cz\/wp-content\/uploads\/img_a278013_w1764_t1601887403.jpg","height":0,"width":0},"wordCount":509,"keywords":null},{"@type":"Article","@id":"https:\/\/www.azurreizen.cz\/vychytana-doba\/","headline":"Vychytan\u00e1 doba","url":"https:\/\/www.azurreizen.cz\/vychytana-doba\/","datePublished":"2016-10-14","dateModified":"2023-04-28","mainEntityOfPage":"https:\/\/www.azurreizen.cz\/vychytana-doba\/","author":{"@type":"Person","@id":"https:\/\/www.azurreizen.cz\/author\/#Person","name":"","url":"https:\/\/www.azurreizen.cz\/author\/","identifier":1,"image":{"@type":"ImageObject","@id":"https:\/\/secure.gravatar.com\/avatar\/9514fe8d0d5bc6f8b5e285c47f6d71536ab35446ffb077fff11f6ca1fa8b00ce?s=96&d=mm&r=g","url":"https:\/\/secure.gravatar.com\/avatar\/9514fe8d0d5bc6f8b5e285c47f6d71536ab35446ffb077fff11f6ca1fa8b00ce?s=96&d=mm&r=g","height":96,"width":96}},"publisher":{"@type":"Organization","name":"azurreizen.cz","logo":{"@type":"ImageObject","@id":"\/logo.png","url":"\/logo.png","width":600,"height":60}},"image":{"@type":"ImageObject","@id":"https:\/\/www.azurreizen.cz\/wp-content\/uploads\/img_a278012_w1764_t1601886773.jpg","url":"https:\/\/www.azurreizen.cz\/wp-content\/uploads\/img_a278012_w1764_t1601886773.jpg","height":0,"width":0},"wordCount":552,"keywords":null},{"@type":"Article","@id":"https:\/\/www.azurreizen.cz\/je-mleko-vubec-zdrave\/","headline":"Je ml\u00e9ko v\u016fbec zdrav\u00e9?","url":"https:\/\/www.azurreizen.cz\/je-mleko-vubec-zdrave\/","datePublished":"2016-10-14","dateModified":"2023-04-28","mainEntityOfPage":"https:\/\/www.azurreizen.cz\/je-mleko-vubec-zdrave\/","author":{"@type":"Person","@id":"https:\/\/www.azurreizen.cz\/author\/#Person","name":"","url":"https:\/\/www.azurreizen.cz\/author\/","identifier":1,"image":{"@type":"ImageObject","@id":"https:\/\/secure.gravatar.com\/avatar\/9514fe8d0d5bc6f8b5e285c47f6d71536ab35446ffb077fff11f6ca1fa8b00ce?s=96&d=mm&r=g","url":"https:\/\/secure.gravatar.com\/avatar\/9514fe8d0d5bc6f8b5e285c47f6d71536ab35446ffb077fff11f6ca1fa8b00ce?s=96&d=mm&r=g","height":96,"width":96}},"publisher":{"@type":"Organization","name":"azurreizen.cz","logo":{"@type":"ImageObject","@id":"\/logo.png","url":"\/logo.png","width":600,"height":60}},"image":{"@type":"ImageObject","@id":"https:\/\/www.azurreizen.cz\/wp-content\/uploads\/img_a278011_w1764_t1601886125.jpg","url":"https:\/\/www.azurreizen.cz\/wp-content\/uploads\/img_a278011_w1764_t1601886125.jpg","height":0,"width":0},"wordCount":529,"keywords":null},{"@type":"Article","@id":"https:\/\/www.azurreizen.cz\/a-nezaprsi-a-nezaprsi\/","headline":"A nezapr\u0161\u00ed a nezapr\u0161\u00ed","url":"https:\/\/www.azurreizen.cz\/a-nezaprsi-a-nezaprsi\/","datePublished":"2016-10-10","dateModified":"2023-04-28","mainEntityOfPage":"https:\/\/www.azurreizen.cz\/a-nezaprsi-a-nezaprsi\/","author":{"@type":"Person","@id":"https:\/\/www.azurreizen.cz\/author\/#Person","name":"","url":"https:\/\/www.azurreizen.cz\/author\/","identifier":1,"image":{"@type":"ImageObject","@id":"https:\/\/secure.gravatar.com\/avatar\/9514fe8d0d5bc6f8b5e285c47f6d71536ab35446ffb077fff11f6ca1fa8b00ce?s=96&d=mm&r=g","url":"https:\/\/secure.gravatar.com\/avatar\/9514fe8d0d5bc6f8b5e285c47f6d71536ab35446ffb077fff11f6ca1fa8b00ce?s=96&d=mm&r=g","height":96,"width":96}},"publisher":{"@type":"Organization","name":"azurreizen.cz","logo":{"@type":"ImageObject","@id":"\/logo.png","url":"\/logo.png","width":600,"height":60}},"image":{"@type":"ImageObject","@id":"https:\/\/www.azurreizen.cz\/wp-content\/uploads\/img_a277877_w1764_t1601873693.jpg","url":"https:\/\/www.azurreizen.cz\/wp-content\/uploads\/img_a277877_w1764_t1601873693.jpg","height":0,"width":0},"wordCount":513,"keywords":null},{"@type":"Article","@id":"https:\/\/www.azurreizen.cz\/kasparek-a-ti-druzi\/","headline":"Ka\u0161p\u00e1rek a ti druz\u00ed","url":"https:\/\/www.azurreizen.cz\/kasparek-a-ti-druzi\/","datePublished":"2016-10-10","dateModified":"2023-04-28","mainEntityOfPage":"https:\/\/www.azurreizen.cz\/kasparek-a-ti-druzi\/","author":{"@type":"Person","@id":"https:\/\/www.azurreizen.cz\/author\/#Person","name":"","url":"https:\/\/www.azurreizen.cz\/author\/","identifier":1,"image":{"@type":"ImageObject","@id":"https:\/\/secure.gravatar.com\/avatar\/9514fe8d0d5bc6f8b5e285c47f6d71536ab35446ffb077fff11f6ca1fa8b00ce?s=96&d=mm&r=g","url":"https:\/\/secure.gravatar.com\/avatar\/9514fe8d0d5bc6f8b5e285c47f6d71536ab35446ffb077fff11f6ca1fa8b00ce?s=96&d=mm&r=g","height":96,"width":96}},"publisher":{"@type":"Organization","name":"azurreizen.cz","logo":{"@type":"ImageObject","@id":"\/logo.png","url":"\/logo.png","width":600,"height":60}},"image":{"@type":"ImageObject","@id":"https:\/\/www.azurreizen.cz\/wp-content\/uploads\/img_a277876_w1764_t1601873516.jpg","url":"https:\/\/www.azurreizen.cz\/wp-content\/uploads\/img_a277876_w1764_t1601873516.jpg","height":0,"width":0},"wordCount":488,"keywords":null},{"@type":"Article","@id":"https:\/\/www.azurreizen.cz\/uz-jste-jedli\/","headline":"U\u017e jste jedli?","url":"https:\/\/www.azurreizen.cz\/uz-jste-jedli\/","datePublished":"2016-10-10","dateModified":"2023-04-28","mainEntityOfPage":"https:\/\/www.azurreizen.cz\/uz-jste-jedli\/","author":{"@type":"Person","@id":"https:\/\/www.azurreizen.cz\/author\/#Person","name":"","url":"https:\/\/www.azurreizen.cz\/author\/","identifier":1,"image":{"@type":"ImageObject","@id":"https:\/\/secure.gravatar.com\/avatar\/9514fe8d0d5bc6f8b5e285c47f6d71536ab35446ffb077fff11f6ca1fa8b00ce?s=96&d=mm&r=g","url":"https:\/\/secure.gravatar.com\/avatar\/9514fe8d0d5bc6f8b5e285c47f6d71536ab35446ffb077fff11f6ca1fa8b00ce?s=96&d=mm&r=g","height":96,"width":96}},"publisher":{"@type":"Organization","name":"azurreizen.cz","logo":{"@type":"ImageObject","@id":"\/logo.png","url":"\/logo.png","width":600,"height":60}},"image":{"@type":"ImageObject","@id":"https:\/\/www.azurreizen.cz\/wp-content\/uploads\/img_a277875_w1764_t1601873340.jpg","url":"https:\/\/www.azurreizen.cz\/wp-content\/uploads\/img_a277875_w1764_t1601873340.jpg","height":0,"width":0},"wordCount":533,"keywords":null}]},{"@context":"https:\/\/schema.org","@type":"WebSite","@id":"https:\/\/www.azurreizen.cz\/#website","name":"Azurreizen","url":"https:\/\/www.azurreizen.cz","potentialAction":{"@type":"SearchAction","target":"https:\/\/www.azurreizen.cz\/?s={search_term_string}","query-input":"required name=search_term_string"}}]