[{"@context":"https:\/\/schema.org\/","@type":"Blog","@id":"https:\/\/www.azurreizen.cz#Blog","headline":"Azurreizen","description":"\nChcete poznat web, na kter\u00fd pro jeho kvality dost mo\u017en\u00e1 a\u017e do nejdel\u0161\u00ed smrti nezapomenete? Pokud ano, jste na n\u011bm, tedy na na\u0161em webu, v\u017edy srde\u010dn\u011b v\u00edt\u00e1ni.","url":"https:\/\/www.azurreizen.cz","hasPart":[{"@type":"Article","@id":"https:\/\/www.azurreizen.cz\/hura-na-matejskou\/","headline":"Hur\u00e1 na Mat\u011bjskou!","url":"https:\/\/www.azurreizen.cz\/hura-na-matejskou\/","datePublished":"2016-12-20","dateModified":"2023-04-28","mainEntityOfPage":"https:\/\/www.azurreizen.cz\/hura-na-matejskou\/","author":{"@type":"Person","@id":"https:\/\/www.azurreizen.cz\/author\/#Person","name":"","url":"https:\/\/www.azurreizen.cz\/author\/","identifier":1,"image":{"@type":"ImageObject","@id":"https:\/\/secure.gravatar.com\/avatar\/9514fe8d0d5bc6f8b5e285c47f6d71536ab35446ffb077fff11f6ca1fa8b00ce?s=96&d=mm&r=g","url":"https:\/\/secure.gravatar.com\/avatar\/9514fe8d0d5bc6f8b5e285c47f6d71536ab35446ffb077fff11f6ca1fa8b00ce?s=96&d=mm&r=g","height":96,"width":96}},"publisher":{"@type":"Organization","name":"azurreizen.cz","logo":{"@type":"ImageObject","@id":"\/logo.png","url":"\/logo.png","width":600,"height":60}},"image":null,"wordCount":458,"keywords":null},{"@type":"Article","@id":"https:\/\/www.azurreizen.cz\/procestujte-ekvadorske-plaze-pralesy-i-hory\/","headline":"Procestujte Ekv\u00e1dorsk\u00e9 pl\u00e1\u017ee, pralesy i hory","url":"https:\/\/www.azurreizen.cz\/procestujte-ekvadorske-plaze-pralesy-i-hory\/","datePublished":"2016-12-16","dateModified":"2023-04-28","mainEntityOfPage":"https:\/\/www.azurreizen.cz\/procestujte-ekvadorske-plaze-pralesy-i-hory\/","author":{"@type":"Person","@id":"https:\/\/www.azurreizen.cz\/author\/#Person","name":"","url":"https:\/\/www.azurreizen.cz\/author\/","identifier":1,"image":{"@type":"ImageObject","@id":"https:\/\/secure.gravatar.com\/avatar\/9514fe8d0d5bc6f8b5e285c47f6d71536ab35446ffb077fff11f6ca1fa8b00ce?s=96&d=mm&r=g","url":"https:\/\/secure.gravatar.com\/avatar\/9514fe8d0d5bc6f8b5e285c47f6d71536ab35446ffb077fff11f6ca1fa8b00ce?s=96&d=mm&r=g","height":96,"width":96}},"publisher":{"@type":"Organization","name":"azurreizen.cz","logo":{"@type":"ImageObject","@id":"\/logo.png","url":"\/logo.png","width":600,"height":60}},"image":null,"wordCount":503,"keywords":null},{"@type":"Article","@id":"https:\/\/www.azurreizen.cz\/oblekejte-se-po-vzoru-zen-z-prvni-republiky\/","headline":"Obl\u00e9kejte se po vzoru \u017een z prvn\u00ed republiky","url":"https:\/\/www.azurreizen.cz\/oblekejte-se-po-vzoru-zen-z-prvni-republiky\/","datePublished":"2016-12-13","dateModified":"2023-04-28","mainEntityOfPage":"https:\/\/www.azurreizen.cz\/oblekejte-se-po-vzoru-zen-z-prvni-republiky\/","author":{"@type":"Person","@id":"https:\/\/www.azurreizen.cz\/author\/#Person","name":"","url":"https:\/\/www.azurreizen.cz\/author\/","identifier":1,"image":{"@type":"ImageObject","@id":"https:\/\/secure.gravatar.com\/avatar\/9514fe8d0d5bc6f8b5e285c47f6d71536ab35446ffb077fff11f6ca1fa8b00ce?s=96&d=mm&r=g","url":"https:\/\/secure.gravatar.com\/avatar\/9514fe8d0d5bc6f8b5e285c47f6d71536ab35446ffb077fff11f6ca1fa8b00ce?s=96&d=mm&r=g","height":96,"width":96}},"publisher":{"@type":"Organization","name":"azurreizen.cz","logo":{"@type":"ImageObject","@id":"\/logo.png","url":"\/logo.png","width":600,"height":60}},"image":null,"wordCount":475,"keywords":null},{"@type":"Article","@id":"https:\/\/www.azurreizen.cz\/pripravky-pro-vas-bazen\/","headline":"P\u0159\u00edpravky pro v\u00e1\u0161 baz\u00e9n","url":"https:\/\/www.azurreizen.cz\/pripravky-pro-vas-bazen\/","datePublished":"2016-12-02","dateModified":"2023-04-28","mainEntityOfPage":"https:\/\/www.azurreizen.cz\/pripravky-pro-vas-bazen\/","author":{"@type":"Person","@id":"https:\/\/www.azurreizen.cz\/author\/#Person","name":"","url":"https:\/\/www.azurreizen.cz\/author\/","identifier":1,"image":{"@type":"ImageObject","@id":"https:\/\/secure.gravatar.com\/avatar\/9514fe8d0d5bc6f8b5e285c47f6d71536ab35446ffb077fff11f6ca1fa8b00ce?s=96&d=mm&r=g","url":"https:\/\/secure.gravatar.com\/avatar\/9514fe8d0d5bc6f8b5e285c47f6d71536ab35446ffb077fff11f6ca1fa8b00ce?s=96&d=mm&r=g","height":96,"width":96}},"publisher":{"@type":"Organization","name":"azurreizen.cz","logo":{"@type":"ImageObject","@id":"\/logo.png","url":"\/logo.png","width":600,"height":60}},"image":null,"wordCount":434,"keywords":null},{"@type":"Article","@id":"https:\/\/www.azurreizen.cz\/sumava-v-lete-reky-vydra-a-vltava\/","headline":"\u0160umava v l\u00e9t\u011b \u2013 \u0159eky Vydra a Vltava","url":"https:\/\/www.azurreizen.cz\/sumava-v-lete-reky-vydra-a-vltava\/","datePublished":"2016-11-30","dateModified":"2023-04-28","mainEntityOfPage":"https:\/\/www.azurreizen.cz\/sumava-v-lete-reky-vydra-a-vltava\/","author":{"@type":"Person","@id":"https:\/\/www.azurreizen.cz\/author\/#Person","name":"","url":"https:\/\/www.azurreizen.cz\/author\/","identifier":1,"image":{"@type":"ImageObject","@id":"https:\/\/secure.gravatar.com\/avatar\/9514fe8d0d5bc6f8b5e285c47f6d71536ab35446ffb077fff11f6ca1fa8b00ce?s=96&d=mm&r=g","url":"https:\/\/secure.gravatar.com\/avatar\/9514fe8d0d5bc6f8b5e285c47f6d71536ab35446ffb077fff11f6ca1fa8b00ce?s=96&d=mm&r=g","height":96,"width":96}},"publisher":{"@type":"Organization","name":"azurreizen.cz","logo":{"@type":"ImageObject","@id":"\/logo.png","url":"\/logo.png","width":600,"height":60}},"image":null,"wordCount":521,"keywords":null},{"@type":"Article","@id":"https:\/\/www.azurreizen.cz\/saske-svycarsko\/","headline":"Sask\u00e9 \u0160v\u00fdcarsko","url":"https:\/\/www.azurreizen.cz\/saske-svycarsko\/","datePublished":"2016-11-30","dateModified":"2023-04-28","mainEntityOfPage":"https:\/\/www.azurreizen.cz\/saske-svycarsko\/","author":{"@type":"Person","@id":"https:\/\/www.azurreizen.cz\/author\/#Person","name":"","url":"https:\/\/www.azurreizen.cz\/author\/","identifier":1,"image":{"@type":"ImageObject","@id":"https:\/\/secure.gravatar.com\/avatar\/9514fe8d0d5bc6f8b5e285c47f6d71536ab35446ffb077fff11f6ca1fa8b00ce?s=96&d=mm&r=g","url":"https:\/\/secure.gravatar.com\/avatar\/9514fe8d0d5bc6f8b5e285c47f6d71536ab35446ffb077fff11f6ca1fa8b00ce?s=96&d=mm&r=g","height":96,"width":96}},"publisher":{"@type":"Organization","name":"azurreizen.cz","logo":{"@type":"ImageObject","@id":"\/logo.png","url":"\/logo.png","width":600,"height":60}},"image":null,"wordCount":439,"keywords":null},{"@type":"Article","@id":"https:\/\/www.azurreizen.cz\/ceske-svycarsko\/","headline":"\u010cesk\u00e9 \u0160v\u00fdcarsko","url":"https:\/\/www.azurreizen.cz\/ceske-svycarsko\/","datePublished":"2016-11-30","dateModified":"2023-04-28","mainEntityOfPage":"https:\/\/www.azurreizen.cz\/ceske-svycarsko\/","author":{"@type":"Person","@id":"https:\/\/www.azurreizen.cz\/author\/#Person","name":"","url":"https:\/\/www.azurreizen.cz\/author\/","identifier":1,"image":{"@type":"ImageObject","@id":"https:\/\/secure.gravatar.com\/avatar\/9514fe8d0d5bc6f8b5e285c47f6d71536ab35446ffb077fff11f6ca1fa8b00ce?s=96&d=mm&r=g","url":"https:\/\/secure.gravatar.com\/avatar\/9514fe8d0d5bc6f8b5e285c47f6d71536ab35446ffb077fff11f6ca1fa8b00ce?s=96&d=mm&r=g","height":96,"width":96}},"publisher":{"@type":"Organization","name":"azurreizen.cz","logo":{"@type":"ImageObject","@id":"\/logo.png","url":"\/logo.png","width":600,"height":60}},"image":null,"wordCount":421,"keywords":null},{"@type":"Article","@id":"https:\/\/www.azurreizen.cz\/bydleni-moje-druhe-ja\/","headline":"Bydlen\u00ed, moje druh\u00e9 ,,j\u00e1\u201c","url":"https:\/\/www.azurreizen.cz\/bydleni-moje-druhe-ja\/","datePublished":"2016-11-23","dateModified":"2023-04-28","mainEntityOfPage":"https:\/\/www.azurreizen.cz\/bydleni-moje-druhe-ja\/","author":{"@type":"Person","@id":"https:\/\/www.azurreizen.cz\/author\/#Person","name":"","url":"https:\/\/www.azurreizen.cz\/author\/","identifier":1,"image":{"@type":"ImageObject","@id":"https:\/\/secure.gravatar.com\/avatar\/9514fe8d0d5bc6f8b5e285c47f6d71536ab35446ffb077fff11f6ca1fa8b00ce?s=96&d=mm&r=g","url":"https:\/\/secure.gravatar.com\/avatar\/9514fe8d0d5bc6f8b5e285c47f6d71536ab35446ffb077fff11f6ca1fa8b00ce?s=96&d=mm&r=g","height":96,"width":96}},"publisher":{"@type":"Organization","name":"azurreizen.cz","logo":{"@type":"ImageObject","@id":"\/logo.png","url":"\/logo.png","width":600,"height":60}},"image":{"@type":"ImageObject","@id":"https:\/\/www.azurreizen.cz\/wp-content\/uploads\/img_a278984_w1764_t1602650331.jpg","url":"https:\/\/www.azurreizen.cz\/wp-content\/uploads\/img_a278984_w1764_t1602650331.jpg","height":0,"width":0},"wordCount":588,"keywords":null},{"@type":"Article","@id":"https:\/\/www.azurreizen.cz\/po-kom-ty-vlastne-jsi\/","headline":"Po kom ty vlastn\u011b jsi?","url":"https:\/\/www.azurreizen.cz\/po-kom-ty-vlastne-jsi\/","datePublished":"2016-11-23","dateModified":"2023-04-28","mainEntityOfPage":"https:\/\/www.azurreizen.cz\/po-kom-ty-vlastne-jsi\/","author":{"@type":"Person","@id":"https:\/\/www.azurreizen.cz\/author\/#Person","name":"","url":"https:\/\/www.azurreizen.cz\/author\/","identifier":1,"image":{"@type":"ImageObject","@id":"https:\/\/secure.gravatar.com\/avatar\/9514fe8d0d5bc6f8b5e285c47f6d71536ab35446ffb077fff11f6ca1fa8b00ce?s=96&d=mm&r=g","url":"https:\/\/secure.gravatar.com\/avatar\/9514fe8d0d5bc6f8b5e285c47f6d71536ab35446ffb077fff11f6ca1fa8b00ce?s=96&d=mm&r=g","height":96,"width":96}},"publisher":{"@type":"Organization","name":"azurreizen.cz","logo":{"@type":"ImageObject","@id":"\/logo.png","url":"\/logo.png","width":600,"height":60}},"image":{"@type":"ImageObject","@id":"https:\/\/www.azurreizen.cz\/wp-content\/uploads\/img_a278983_w1764_t1602650027.jpg","url":"https:\/\/www.azurreizen.cz\/wp-content\/uploads\/img_a278983_w1764_t1602650027.jpg","height":0,"width":0},"wordCount":564,"keywords":null},{"@type":"Article","@id":"https:\/\/www.azurreizen.cz\/muj-soused-zabijak\/","headline":"M\u016fj soused ,,zabij\u00e1k\u201c!","url":"https:\/\/www.azurreizen.cz\/muj-soused-zabijak\/","datePublished":"2016-11-23","dateModified":"2023-04-28","mainEntityOfPage":"https:\/\/www.azurreizen.cz\/muj-soused-zabijak\/","author":{"@type":"Person","@id":"https:\/\/www.azurreizen.cz\/author\/#Person","name":"","url":"https:\/\/www.azurreizen.cz\/author\/","identifier":1,"image":{"@type":"ImageObject","@id":"https:\/\/secure.gravatar.com\/avatar\/9514fe8d0d5bc6f8b5e285c47f6d71536ab35446ffb077fff11f6ca1fa8b00ce?s=96&d=mm&r=g","url":"https:\/\/secure.gravatar.com\/avatar\/9514fe8d0d5bc6f8b5e285c47f6d71536ab35446ffb077fff11f6ca1fa8b00ce?s=96&d=mm&r=g","height":96,"width":96}},"publisher":{"@type":"Organization","name":"azurreizen.cz","logo":{"@type":"ImageObject","@id":"\/logo.png","url":"\/logo.png","width":600,"height":60}},"image":{"@type":"ImageObject","@id":"https:\/\/www.azurreizen.cz\/wp-content\/uploads\/img_a278981_w1764_t1602494839.jpg","url":"https:\/\/www.azurreizen.cz\/wp-content\/uploads\/img_a278981_w1764_t1602494839.jpg","height":0,"width":0},"wordCount":742,"keywords":null}]},{"@context":"https:\/\/schema.org","@type":"WebSite","@id":"https:\/\/www.azurreizen.cz\/#website","name":"Azurreizen","url":"https:\/\/www.azurreizen.cz","potentialAction":{"@type":"SearchAction","target":"https:\/\/www.azurreizen.cz\/?s={search_term_string}","query-input":"required name=search_term_string"}}]