[{"@context":"https:\/\/schema.org\/","@type":"Blog","@id":"https:\/\/www.azurreizen.cz#Blog","headline":"Azurreizen","description":"\nChcete poznat web, na kter\u00fd pro jeho kvality dost mo\u017en\u00e1 a\u017e do nejdel\u0161\u00ed smrti nezapomenete? Pokud ano, jste na n\u011bm, tedy na na\u0161em webu, v\u017edy srde\u010dn\u011b v\u00edt\u00e1ni.","url":"https:\/\/www.azurreizen.cz","hasPart":[{"@type":"Article","@id":"https:\/\/www.azurreizen.cz\/pokud-chcete-opravdu-zhubnout-zacnete-uzivat-pripravky-ktere-vam-nabizime\/","headline":"Pokud chcete opravdu zhubnout, za\u010dn\u011bte u\u017e\u00edvat p\u0159\u00edpravky, kter\u00e9 v\u00e1m nab\u00edz\u00edme","url":"https:\/\/www.azurreizen.cz\/pokud-chcete-opravdu-zhubnout-zacnete-uzivat-pripravky-ktere-vam-nabizime\/","datePublished":"2017-01-21","dateModified":"2024-04-29","mainEntityOfPage":"https:\/\/www.azurreizen.cz\/pokud-chcete-opravdu-zhubnout-zacnete-uzivat-pripravky-ktere-vam-nabizime\/","author":{"@type":"Person","@id":"https:\/\/www.azurreizen.cz\/author\/#Person","name":"","url":"https:\/\/www.azurreizen.cz\/author\/","identifier":1,"image":{"@type":"ImageObject","@id":"https:\/\/secure.gravatar.com\/avatar\/9514fe8d0d5bc6f8b5e285c47f6d71536ab35446ffb077fff11f6ca1fa8b00ce?s=96&d=mm&r=g","url":"https:\/\/secure.gravatar.com\/avatar\/9514fe8d0d5bc6f8b5e285c47f6d71536ab35446ffb077fff11f6ca1fa8b00ce?s=96&d=mm&r=g","height":96,"width":96}},"publisher":{"@type":"Organization","name":"azurreizen.cz","logo":{"@type":"ImageObject","@id":"\/logo.png","url":"\/logo.png","width":600,"height":60}},"image":null,"wordCount":510,"keywords":null},{"@type":"Article","@id":"https:\/\/www.azurreizen.cz\/zacit-podnikat-bez-penez\/","headline":"Za\u010d\u00edt podnikat bez pen\u011bz","url":"https:\/\/www.azurreizen.cz\/zacit-podnikat-bez-penez\/","datePublished":"2017-01-11","dateModified":"2023-04-28","mainEntityOfPage":"https:\/\/www.azurreizen.cz\/zacit-podnikat-bez-penez\/","author":{"@type":"Person","@id":"https:\/\/www.azurreizen.cz\/author\/#Person","name":"","url":"https:\/\/www.azurreizen.cz\/author\/","identifier":1,"image":{"@type":"ImageObject","@id":"https:\/\/secure.gravatar.com\/avatar\/9514fe8d0d5bc6f8b5e285c47f6d71536ab35446ffb077fff11f6ca1fa8b00ce?s=96&d=mm&r=g","url":"https:\/\/secure.gravatar.com\/avatar\/9514fe8d0d5bc6f8b5e285c47f6d71536ab35446ffb077fff11f6ca1fa8b00ce?s=96&d=mm&r=g","height":96,"width":96}},"publisher":{"@type":"Organization","name":"azurreizen.cz","logo":{"@type":"ImageObject","@id":"\/logo.png","url":"\/logo.png","width":600,"height":60}},"image":{"@type":"ImageObject","@id":"https:\/\/www.azurreizen.cz\/wp-content\/uploads\/img_a282345_w1764_t1599318920.jpg","url":"https:\/\/www.azurreizen.cz\/wp-content\/uploads\/img_a282345_w1764_t1599318920.jpg","height":0,"width":0},"wordCount":509,"keywords":null},{"@type":"Article","@id":"https:\/\/www.azurreizen.cz\/luxusni-kuchyne\/","headline":"Luxusn\u00ed kuchyn\u011b","url":"https:\/\/www.azurreizen.cz\/luxusni-kuchyne\/","datePublished":"2017-01-08","dateModified":"2023-04-28","mainEntityOfPage":"https:\/\/www.azurreizen.cz\/luxusni-kuchyne\/","author":{"@type":"Person","@id":"https:\/\/www.azurreizen.cz\/author\/#Person","name":"","url":"https:\/\/www.azurreizen.cz\/author\/","identifier":1,"image":{"@type":"ImageObject","@id":"https:\/\/secure.gravatar.com\/avatar\/9514fe8d0d5bc6f8b5e285c47f6d71536ab35446ffb077fff11f6ca1fa8b00ce?s=96&d=mm&r=g","url":"https:\/\/secure.gravatar.com\/avatar\/9514fe8d0d5bc6f8b5e285c47f6d71536ab35446ffb077fff11f6ca1fa8b00ce?s=96&d=mm&r=g","height":96,"width":96}},"publisher":{"@type":"Organization","name":"azurreizen.cz","logo":{"@type":"ImageObject","@id":"\/logo.png","url":"\/logo.png","width":600,"height":60}},"image":{"@type":"ImageObject","@id":"https:\/\/www.azurreizen.cz\/wp-content\/uploads\/img_a282116_w1764_t1601971183.jpg","url":"https:\/\/www.azurreizen.cz\/wp-content\/uploads\/img_a282116_w1764_t1601971183.jpg","height":0,"width":0},"wordCount":541,"keywords":null},{"@type":"Article","@id":"https:\/\/www.azurreizen.cz\/to-nejlepsi-pro-vas-vuz\/","headline":"To nejlep\u0161\u00ed pro v\u00e1\u0161 v\u016fz","url":"https:\/\/www.azurreizen.cz\/to-nejlepsi-pro-vas-vuz\/","datePublished":"2016-12-28","dateModified":"2023-04-28","mainEntityOfPage":"https:\/\/www.azurreizen.cz\/to-nejlepsi-pro-vas-vuz\/","author":{"@type":"Person","@id":"https:\/\/www.azurreizen.cz\/author\/#Person","name":"","url":"https:\/\/www.azurreizen.cz\/author\/","identifier":1,"image":{"@type":"ImageObject","@id":"https:\/\/secure.gravatar.com\/avatar\/9514fe8d0d5bc6f8b5e285c47f6d71536ab35446ffb077fff11f6ca1fa8b00ce?s=96&d=mm&r=g","url":"https:\/\/secure.gravatar.com\/avatar\/9514fe8d0d5bc6f8b5e285c47f6d71536ab35446ffb077fff11f6ca1fa8b00ce?s=96&d=mm&r=g","height":96,"width":96}},"publisher":{"@type":"Organization","name":"azurreizen.cz","logo":{"@type":"ImageObject","@id":"\/logo.png","url":"\/logo.png","width":600,"height":60}},"image":null,"wordCount":457,"keywords":null},{"@type":"Article","@id":"https:\/\/www.azurreizen.cz\/mate-v-interieru-piano-ci-pianino-poradime-vam-jak-se-o-ne-spravne-starat\/","headline":"M\u00e1te v interi\u00e9ru piano \u010di pianino? Porad\u00edme v\u00e1m, jak se o n\u011b spr\u00e1vn\u011b starat","url":"https:\/\/www.azurreizen.cz\/mate-v-interieru-piano-ci-pianino-poradime-vam-jak-se-o-ne-spravne-starat\/","datePublished":"2016-12-27","dateModified":"2023-04-28","mainEntityOfPage":"https:\/\/www.azurreizen.cz\/mate-v-interieru-piano-ci-pianino-poradime-vam-jak-se-o-ne-spravne-starat\/","author":{"@type":"Person","@id":"https:\/\/www.azurreizen.cz\/author\/#Person","name":"","url":"https:\/\/www.azurreizen.cz\/author\/","identifier":1,"image":{"@type":"ImageObject","@id":"https:\/\/secure.gravatar.com\/avatar\/9514fe8d0d5bc6f8b5e285c47f6d71536ab35446ffb077fff11f6ca1fa8b00ce?s=96&d=mm&r=g","url":"https:\/\/secure.gravatar.com\/avatar\/9514fe8d0d5bc6f8b5e285c47f6d71536ab35446ffb077fff11f6ca1fa8b00ce?s=96&d=mm&r=g","height":96,"width":96}},"publisher":{"@type":"Organization","name":"azurreizen.cz","logo":{"@type":"ImageObject","@id":"\/logo.png","url":"\/logo.png","width":600,"height":60}},"image":null,"wordCount":448,"keywords":null},{"@type":"Article","@id":"https:\/\/www.azurreizen.cz\/nase-dite-a-sport\/","headline":"Na\u0161e d\u00edt\u011b a sport","url":"https:\/\/www.azurreizen.cz\/nase-dite-a-sport\/","datePublished":"2016-12-26","dateModified":"2023-04-28","mainEntityOfPage":"https:\/\/www.azurreizen.cz\/nase-dite-a-sport\/","author":{"@type":"Person","@id":"https:\/\/www.azurreizen.cz\/author\/#Person","name":"","url":"https:\/\/www.azurreizen.cz\/author\/","identifier":1,"image":{"@type":"ImageObject","@id":"https:\/\/secure.gravatar.com\/avatar\/9514fe8d0d5bc6f8b5e285c47f6d71536ab35446ffb077fff11f6ca1fa8b00ce?s=96&d=mm&r=g","url":"https:\/\/secure.gravatar.com\/avatar\/9514fe8d0d5bc6f8b5e285c47f6d71536ab35446ffb077fff11f6ca1fa8b00ce?s=96&d=mm&r=g","height":96,"width":96}},"publisher":{"@type":"Organization","name":"azurreizen.cz","logo":{"@type":"ImageObject","@id":"\/logo.png","url":"\/logo.png","width":600,"height":60}},"image":null,"wordCount":673,"keywords":null},{"@type":"Article","@id":"https:\/\/www.azurreizen.cz\/bezpecnost-batolete-v-byte\/","headline":"Bezpe\u010dnost batolete v byt\u011b","url":"https:\/\/www.azurreizen.cz\/bezpecnost-batolete-v-byte\/","datePublished":"2016-12-26","dateModified":"2023-04-28","mainEntityOfPage":"https:\/\/www.azurreizen.cz\/bezpecnost-batolete-v-byte\/","author":{"@type":"Person","@id":"https:\/\/www.azurreizen.cz\/author\/#Person","name":"","url":"https:\/\/www.azurreizen.cz\/author\/","identifier":1,"image":{"@type":"ImageObject","@id":"https:\/\/secure.gravatar.com\/avatar\/9514fe8d0d5bc6f8b5e285c47f6d71536ab35446ffb077fff11f6ca1fa8b00ce?s=96&d=mm&r=g","url":"https:\/\/secure.gravatar.com\/avatar\/9514fe8d0d5bc6f8b5e285c47f6d71536ab35446ffb077fff11f6ca1fa8b00ce?s=96&d=mm&r=g","height":96,"width":96}},"publisher":{"@type":"Organization","name":"azurreizen.cz","logo":{"@type":"ImageObject","@id":"\/logo.png","url":"\/logo.png","width":600,"height":60}},"image":null,"wordCount":551,"keywords":null},{"@type":"Article","@id":"https:\/\/www.azurreizen.cz\/detska-kosmetika\/","headline":"D\u011btsk\u00e1 kosmetika","url":"https:\/\/www.azurreizen.cz\/detska-kosmetika\/","datePublished":"2016-12-26","dateModified":"2023-04-28","mainEntityOfPage":"https:\/\/www.azurreizen.cz\/detska-kosmetika\/","author":{"@type":"Person","@id":"https:\/\/www.azurreizen.cz\/author\/#Person","name":"","url":"https:\/\/www.azurreizen.cz\/author\/","identifier":1,"image":{"@type":"ImageObject","@id":"https:\/\/secure.gravatar.com\/avatar\/9514fe8d0d5bc6f8b5e285c47f6d71536ab35446ffb077fff11f6ca1fa8b00ce?s=96&d=mm&r=g","url":"https:\/\/secure.gravatar.com\/avatar\/9514fe8d0d5bc6f8b5e285c47f6d71536ab35446ffb077fff11f6ca1fa8b00ce?s=96&d=mm&r=g","height":96,"width":96}},"publisher":{"@type":"Organization","name":"azurreizen.cz","logo":{"@type":"ImageObject","@id":"\/logo.png","url":"\/logo.png","width":600,"height":60}},"image":null,"wordCount":531,"keywords":null},{"@type":"Article","@id":"https:\/\/www.azurreizen.cz\/co-bude-dnes-k-obedu-uho\/","headline":"Co bude dnes k ob\u011bdu? UHO!","url":"https:\/\/www.azurreizen.cz\/co-bude-dnes-k-obedu-uho\/","datePublished":"2016-12-22","dateModified":"2023-04-28","mainEntityOfPage":"https:\/\/www.azurreizen.cz\/co-bude-dnes-k-obedu-uho\/","author":{"@type":"Person","@id":"https:\/\/www.azurreizen.cz\/author\/#Person","name":"","url":"https:\/\/www.azurreizen.cz\/author\/","identifier":1,"image":{"@type":"ImageObject","@id":"https:\/\/secure.gravatar.com\/avatar\/9514fe8d0d5bc6f8b5e285c47f6d71536ab35446ffb077fff11f6ca1fa8b00ce?s=96&d=mm&r=g","url":"https:\/\/secure.gravatar.com\/avatar\/9514fe8d0d5bc6f8b5e285c47f6d71536ab35446ffb077fff11f6ca1fa8b00ce?s=96&d=mm&r=g","height":96,"width":96}},"publisher":{"@type":"Organization","name":"azurreizen.cz","logo":{"@type":"ImageObject","@id":"\/logo.png","url":"\/logo.png","width":600,"height":60}},"image":null,"wordCount":405,"keywords":null},{"@type":"Article","@id":"https:\/\/www.azurreizen.cz\/zazraky-se-nedeji\/","headline":"Z\u00e1zraky se ned\u011bj\u00ed","url":"https:\/\/www.azurreizen.cz\/zazraky-se-nedeji\/","datePublished":"2016-12-22","dateModified":"2023-04-28","mainEntityOfPage":"https:\/\/www.azurreizen.cz\/zazraky-se-nedeji\/","author":{"@type":"Person","@id":"https:\/\/www.azurreizen.cz\/author\/#Person","name":"","url":"https:\/\/www.azurreizen.cz\/author\/","identifier":1,"image":{"@type":"ImageObject","@id":"https:\/\/secure.gravatar.com\/avatar\/9514fe8d0d5bc6f8b5e285c47f6d71536ab35446ffb077fff11f6ca1fa8b00ce?s=96&d=mm&r=g","url":"https:\/\/secure.gravatar.com\/avatar\/9514fe8d0d5bc6f8b5e285c47f6d71536ab35446ffb077fff11f6ca1fa8b00ce?s=96&d=mm&r=g","height":96,"width":96}},"publisher":{"@type":"Organization","name":"azurreizen.cz","logo":{"@type":"ImageObject","@id":"\/logo.png","url":"\/logo.png","width":600,"height":60}},"image":null,"wordCount":434,"keywords":null}]},{"@context":"https:\/\/schema.org","@type":"WebSite","@id":"https:\/\/www.azurreizen.cz\/#website","name":"Azurreizen","url":"https:\/\/www.azurreizen.cz","potentialAction":{"@type":"SearchAction","target":"https:\/\/www.azurreizen.cz\/?s={search_term_string}","query-input":"required name=search_term_string"}}]