[{"@context":"https:\/\/schema.org\/","@type":"Blog","@id":"https:\/\/www.azurreizen.cz#Blog","headline":"Azurreizen","description":"\nChcete poznat web, na kter\u00fd pro jeho kvality dost mo\u017en\u00e1 a\u017e do nejdel\u0161\u00ed smrti nezapomenete? Pokud ano, jste na n\u011bm, tedy na na\u0161em webu, v\u017edy srde\u010dn\u011b v\u00edt\u00e1ni.","url":"https:\/\/www.azurreizen.cz","hasPart":[{"@type":"Article","@id":"https:\/\/www.azurreizen.cz\/sve-problemy-muzete-vyresit-chytrou-pujckou\/","headline":"Sv\u00e9 probl\u00e9my m\u016f\u017eete vy\u0159e\u0161it chytrou p\u016fj\u010dkou","url":"https:\/\/www.azurreizen.cz\/sve-problemy-muzete-vyresit-chytrou-pujckou\/","datePublished":"2018-08-19","dateModified":"2023-04-28","mainEntityOfPage":"https:\/\/www.azurreizen.cz\/sve-problemy-muzete-vyresit-chytrou-pujckou\/","author":{"@type":"Person","@id":"https:\/\/www.azurreizen.cz\/author\/#Person","name":"","url":"https:\/\/www.azurreizen.cz\/author\/","identifier":1,"image":{"@type":"ImageObject","@id":"https:\/\/secure.gravatar.com\/avatar\/9514fe8d0d5bc6f8b5e285c47f6d71536ab35446ffb077fff11f6ca1fa8b00ce?s=96&d=mm&r=g","url":"https:\/\/secure.gravatar.com\/avatar\/9514fe8d0d5bc6f8b5e285c47f6d71536ab35446ffb077fff11f6ca1fa8b00ce?s=96&d=mm&r=g","height":96,"width":96}},"publisher":{"@type":"Organization","name":"azurreizen.cz","logo":{"@type":"ImageObject","@id":"\/logo.png","url":"\/logo.png","width":600,"height":60}},"image":{"@type":"ImageObject","@id":"https:\/\/www.azurreizen.cz\/wp-content\/uploads\/img_a327614_w1700_t1539934479.jpg","url":"https:\/\/www.azurreizen.cz\/wp-content\/uploads\/img_a327614_w1700_t1539934479.jpg","height":0,"width":0},"wordCount":558,"keywords":null},{"@type":"Article","@id":"https:\/\/www.azurreizen.cz\/nadavejme-spolecne-na-exekutory\/","headline":"Nad\u00e1vejme spole\u010dn\u011b na exekutory","url":"https:\/\/www.azurreizen.cz\/nadavejme-spolecne-na-exekutory\/","datePublished":"2018-07-29","dateModified":"2023-04-28","mainEntityOfPage":"https:\/\/www.azurreizen.cz\/nadavejme-spolecne-na-exekutory\/","author":{"@type":"Person","@id":"https:\/\/www.azurreizen.cz\/author\/#Person","name":"","url":"https:\/\/www.azurreizen.cz\/author\/","identifier":1,"image":{"@type":"ImageObject","@id":"https:\/\/secure.gravatar.com\/avatar\/9514fe8d0d5bc6f8b5e285c47f6d71536ab35446ffb077fff11f6ca1fa8b00ce?s=96&d=mm&r=g","url":"https:\/\/secure.gravatar.com\/avatar\/9514fe8d0d5bc6f8b5e285c47f6d71536ab35446ffb077fff11f6ca1fa8b00ce?s=96&d=mm&r=g","height":96,"width":96}},"publisher":{"@type":"Organization","name":"azurreizen.cz","logo":{"@type":"ImageObject","@id":"\/logo.png","url":"\/logo.png","width":600,"height":60}},"image":{"@type":"ImageObject","@id":"https:\/\/www.azurreizen.cz\/wp-content\/uploads\/img_a326078_w1764_t1538224688.jpg","url":"https:\/\/www.azurreizen.cz\/wp-content\/uploads\/img_a326078_w1764_t1538224688.jpg","height":0,"width":0},"wordCount":548,"keywords":null},{"@type":"Article","@id":"https:\/\/www.azurreizen.cz\/okraslete-si-zahradu-altankem\/","headline":"Okr\u00e1\u0161lete si zahradu alt\u00e1nkem","url":"https:\/\/www.azurreizen.cz\/okraslete-si-zahradu-altankem\/","datePublished":"2018-05-24","dateModified":"2023-04-28","mainEntityOfPage":"https:\/\/www.azurreizen.cz\/okraslete-si-zahradu-altankem\/","author":{"@type":"Person","@id":"https:\/\/www.azurreizen.cz\/author\/#Person","name":"","url":"https:\/\/www.azurreizen.cz\/author\/","identifier":1,"image":{"@type":"ImageObject","@id":"https:\/\/secure.gravatar.com\/avatar\/9514fe8d0d5bc6f8b5e285c47f6d71536ab35446ffb077fff11f6ca1fa8b00ce?s=96&d=mm&r=g","url":"https:\/\/secure.gravatar.com\/avatar\/9514fe8d0d5bc6f8b5e285c47f6d71536ab35446ffb077fff11f6ca1fa8b00ce?s=96&d=mm&r=g","height":96,"width":96}},"publisher":{"@type":"Organization","name":"azurreizen.cz","logo":{"@type":"ImageObject","@id":"\/logo.png","url":"\/logo.png","width":600,"height":60}},"image":{"@type":"ImageObject","@id":"https:\/\/www.azurreizen.cz\/wp-content\/uploads\/img_a321218_w1764_t1532450904.jpg","url":"https:\/\/www.azurreizen.cz\/wp-content\/uploads\/img_a321218_w1764_t1532450904.jpg","height":0,"width":0},"wordCount":4507,"keywords":null},{"@type":"Article","@id":"https:\/\/www.azurreizen.cz\/myslete-na-to-cim-svitite\/","headline":"Myslete na to, \u010d\u00edm sv\u00edt\u00edte","url":"https:\/\/www.azurreizen.cz\/myslete-na-to-cim-svitite\/","datePublished":"2018-05-03","dateModified":"2023-04-28","mainEntityOfPage":"https:\/\/www.azurreizen.cz\/myslete-na-to-cim-svitite\/","author":{"@type":"Person","@id":"https:\/\/www.azurreizen.cz\/author\/#Person","name":"","url":"https:\/\/www.azurreizen.cz\/author\/","identifier":1,"image":{"@type":"ImageObject","@id":"https:\/\/secure.gravatar.com\/avatar\/9514fe8d0d5bc6f8b5e285c47f6d71536ab35446ffb077fff11f6ca1fa8b00ce?s=96&d=mm&r=g","url":"https:\/\/secure.gravatar.com\/avatar\/9514fe8d0d5bc6f8b5e285c47f6d71536ab35446ffb077fff11f6ca1fa8b00ce?s=96&d=mm&r=g","height":96,"width":96}},"publisher":{"@type":"Organization","name":"azurreizen.cz","logo":{"@type":"ImageObject","@id":"\/logo.png","url":"\/logo.png","width":600,"height":60}},"image":{"@type":"ImageObject","@id":"https:\/\/www.azurreizen.cz\/wp-content\/uploads\/img_a319638_w1764_t1530644146.jpg","url":"https:\/\/www.azurreizen.cz\/wp-content\/uploads\/img_a319638_w1764_t1530644146.jpg","height":0,"width":0},"wordCount":518,"keywords":null},{"@type":"Article","@id":"https:\/\/www.azurreizen.cz\/z-ceho-zit-kdyz-prijdete-o-praci\/","headline":"Z \u010deho \u017e\u00edt, kdy\u017e p\u0159ijdete o pr\u00e1ci?","url":"https:\/\/www.azurreizen.cz\/z-ceho-zit-kdyz-prijdete-o-praci\/","datePublished":"2018-03-22","dateModified":"2023-04-28","mainEntityOfPage":"https:\/\/www.azurreizen.cz\/z-ceho-zit-kdyz-prijdete-o-praci\/","author":{"@type":"Person","@id":"https:\/\/www.azurreizen.cz\/author\/#Person","name":"","url":"https:\/\/www.azurreizen.cz\/author\/","identifier":1,"image":{"@type":"ImageObject","@id":"https:\/\/secure.gravatar.com\/avatar\/9514fe8d0d5bc6f8b5e285c47f6d71536ab35446ffb077fff11f6ca1fa8b00ce?s=96&d=mm&r=g","url":"https:\/\/secure.gravatar.com\/avatar\/9514fe8d0d5bc6f8b5e285c47f6d71536ab35446ffb077fff11f6ca1fa8b00ce?s=96&d=mm&r=g","height":96,"width":96}},"publisher":{"@type":"Organization","name":"azurreizen.cz","logo":{"@type":"ImageObject","@id":"\/logo.png","url":"\/logo.png","width":600,"height":60}},"image":{"@type":"ImageObject","@id":"https:\/\/www.azurreizen.cz\/wp-content\/uploads\/img_a316068_w1764_t1527019578.jpg","url":"https:\/\/www.azurreizen.cz\/wp-content\/uploads\/img_a316068_w1764_t1527019578.jpg","height":0,"width":0},"wordCount":528,"keywords":null},{"@type":"Article","@id":"https:\/\/www.azurreizen.cz\/must-have-produkty-pro-vasi-krasu\/","headline":"Must have produkty pro va\u0161i kr\u00e1su","url":"https:\/\/www.azurreizen.cz\/must-have-produkty-pro-vasi-krasu\/","datePublished":"2018-03-20","dateModified":"2023-04-28","mainEntityOfPage":"https:\/\/www.azurreizen.cz\/must-have-produkty-pro-vasi-krasu\/","author":{"@type":"Person","@id":"https:\/\/www.azurreizen.cz\/author\/#Person","name":"","url":"https:\/\/www.azurreizen.cz\/author\/","identifier":1,"image":{"@type":"ImageObject","@id":"https:\/\/secure.gravatar.com\/avatar\/9514fe8d0d5bc6f8b5e285c47f6d71536ab35446ffb077fff11f6ca1fa8b00ce?s=96&d=mm&r=g","url":"https:\/\/secure.gravatar.com\/avatar\/9514fe8d0d5bc6f8b5e285c47f6d71536ab35446ffb077fff11f6ca1fa8b00ce?s=96&d=mm&r=g","height":96,"width":96}},"publisher":{"@type":"Organization","name":"azurreizen.cz","logo":{"@type":"ImageObject","@id":"\/logo.png","url":"\/logo.png","width":600,"height":60}},"image":{"@type":"ImageObject","@id":"https:\/\/www.azurreizen.cz\/wp-content\/uploads\/img_a315854_w1764_t1526800345.jpg","url":"https:\/\/www.azurreizen.cz\/wp-content\/uploads\/img_a315854_w1764_t1526800345.jpg","height":0,"width":0},"wordCount":766,"keywords":null},{"@type":"Article","@id":"https:\/\/www.azurreizen.cz\/zvednete-penize-ktere-lezi-na-ceste\/","headline":"Zvedn\u011bte pen\u00edze, kter\u00e9 le\u017e\u00ed na cest\u011b","url":"https:\/\/www.azurreizen.cz\/zvednete-penize-ktere-lezi-na-ceste\/","datePublished":"2018-03-14","dateModified":"2023-04-28","mainEntityOfPage":"https:\/\/www.azurreizen.cz\/zvednete-penize-ktere-lezi-na-ceste\/","author":{"@type":"Person","@id":"https:\/\/www.azurreizen.cz\/author\/#Person","name":"","url":"https:\/\/www.azurreizen.cz\/author\/","identifier":1,"image":{"@type":"ImageObject","@id":"https:\/\/secure.gravatar.com\/avatar\/9514fe8d0d5bc6f8b5e285c47f6d71536ab35446ffb077fff11f6ca1fa8b00ce?s=96&d=mm&r=g","url":"https:\/\/secure.gravatar.com\/avatar\/9514fe8d0d5bc6f8b5e285c47f6d71536ab35446ffb077fff11f6ca1fa8b00ce?s=96&d=mm&r=g","height":96,"width":96}},"publisher":{"@type":"Organization","name":"azurreizen.cz","logo":{"@type":"ImageObject","@id":"\/logo.png","url":"\/logo.png","width":600,"height":60}},"image":{"@type":"ImageObject","@id":"https:\/\/www.azurreizen.cz\/wp-content\/uploads\/img_a315455_w1764_t1526318913.jpg","url":"https:\/\/www.azurreizen.cz\/wp-content\/uploads\/img_a315455_w1764_t1526318913.jpg","height":0,"width":0},"wordCount":556,"keywords":null},{"@type":"Article","@id":"https:\/\/www.azurreizen.cz\/tehotenske-foceni-praha\/","headline":"T\u011bhotensk\u00e9 focen\u00ed Praha","url":"https:\/\/www.azurreizen.cz\/tehotenske-foceni-praha\/","datePublished":"2018-03-10","dateModified":"2023-10-31","mainEntityOfPage":"https:\/\/www.azurreizen.cz\/tehotenske-foceni-praha\/","author":{"@type":"Person","@id":"https:\/\/www.azurreizen.cz\/author\/#Person","name":"","url":"https:\/\/www.azurreizen.cz\/author\/","identifier":1,"image":{"@type":"ImageObject","@id":"https:\/\/secure.gravatar.com\/avatar\/9514fe8d0d5bc6f8b5e285c47f6d71536ab35446ffb077fff11f6ca1fa8b00ce?s=96&d=mm&r=g","url":"https:\/\/secure.gravatar.com\/avatar\/9514fe8d0d5bc6f8b5e285c47f6d71536ab35446ffb077fff11f6ca1fa8b00ce?s=96&d=mm&r=g","height":96,"width":96}},"publisher":{"@type":"Organization","name":"azurreizen.cz","logo":{"@type":"ImageObject","@id":"\/logo.png","url":"\/logo.png","width":600,"height":60}},"image":{"@type":"ImageObject","@id":"https:\/\/www.azurreizen.cz\/wp-content\/uploads\/img_a314988_w1764_t1525943236.jpg","url":"https:\/\/www.azurreizen.cz\/wp-content\/uploads\/img_a314988_w1764_t1525943236.jpg","height":0,"width":0},"wordCount":546,"keywords":null},{"@type":"Article","@id":"https:\/\/www.azurreizen.cz\/kdyz-je-treba-trochu-mechu\/","headline":"Kdy\u017e je t\u0159eba trochu mechu","url":"https:\/\/www.azurreizen.cz\/kdyz-je-treba-trochu-mechu\/","datePublished":"2018-01-30","dateModified":"2023-04-28","mainEntityOfPage":"https:\/\/www.azurreizen.cz\/kdyz-je-treba-trochu-mechu\/","author":{"@type":"Person","@id":"https:\/\/www.azurreizen.cz\/author\/#Person","name":"","url":"https:\/\/www.azurreizen.cz\/author\/","identifier":1,"image":{"@type":"ImageObject","@id":"https:\/\/secure.gravatar.com\/avatar\/9514fe8d0d5bc6f8b5e285c47f6d71536ab35446ffb077fff11f6ca1fa8b00ce?s=96&d=mm&r=g","url":"https:\/\/secure.gravatar.com\/avatar\/9514fe8d0d5bc6f8b5e285c47f6d71536ab35446ffb077fff11f6ca1fa8b00ce?s=96&d=mm&r=g","height":96,"width":96}},"publisher":{"@type":"Organization","name":"azurreizen.cz","logo":{"@type":"ImageObject","@id":"\/logo.png","url":"\/logo.png","width":600,"height":60}},"image":{"@type":"ImageObject","@id":"https:\/\/www.azurreizen.cz\/wp-content\/uploads\/img_a311599_w1764_t1522429923.jpg","url":"https:\/\/www.azurreizen.cz\/wp-content\/uploads\/img_a311599_w1764_t1522429923.jpg","height":0,"width":0},"wordCount":538,"keywords":null},{"@type":"Article","@id":"https:\/\/www.azurreizen.cz\/kdy-je-spravny-cas-na-kapesne\/","headline":"Kdy je spr\u00e1vn\u00fd \u010das na kapesn\u00e9?","url":"https:\/\/www.azurreizen.cz\/kdy-je-spravny-cas-na-kapesne\/","datePublished":"2018-01-26","dateModified":"2023-04-28","mainEntityOfPage":"https:\/\/www.azurreizen.cz\/kdy-je-spravny-cas-na-kapesne\/","author":{"@type":"Person","@id":"https:\/\/www.azurreizen.cz\/author\/#Person","name":"","url":"https:\/\/www.azurreizen.cz\/author\/","identifier":1,"image":{"@type":"ImageObject","@id":"https:\/\/secure.gravatar.com\/avatar\/9514fe8d0d5bc6f8b5e285c47f6d71536ab35446ffb077fff11f6ca1fa8b00ce?s=96&d=mm&r=g","url":"https:\/\/secure.gravatar.com\/avatar\/9514fe8d0d5bc6f8b5e285c47f6d71536ab35446ffb077fff11f6ca1fa8b00ce?s=96&d=mm&r=g","height":96,"width":96}},"publisher":{"@type":"Organization","name":"azurreizen.cz","logo":{"@type":"ImageObject","@id":"\/logo.png","url":"\/logo.png","width":600,"height":60}},"image":{"@type":"ImageObject","@id":"https:\/\/www.azurreizen.cz\/wp-content\/uploads\/img_a311131_w1764_t1522061366.jpg","url":"https:\/\/www.azurreizen.cz\/wp-content\/uploads\/img_a311131_w1764_t1522061366.jpg","height":0,"width":0},"wordCount":641,"keywords":null}]},{"@context":"https:\/\/schema.org","@type":"WebSite","@id":"https:\/\/www.azurreizen.cz\/#website","name":"Azurreizen","url":"https:\/\/www.azurreizen.cz","potentialAction":{"@type":"SearchAction","target":"https:\/\/www.azurreizen.cz\/?s={search_term_string}","query-input":"required name=search_term_string"}}]