[{"@context":"https:\/\/schema.org\/","@type":"Blog","@id":"https:\/\/www.azurreizen.cz#Blog","headline":"Azurreizen","description":"\nChcete poznat web, na kter\u00fd pro jeho kvality dost mo\u017en\u00e1 a\u017e do nejdel\u0161\u00ed smrti nezapomenete? Pokud ano, jste na n\u011bm, tedy na na\u0161em webu, v\u017edy srde\u010dn\u011b v\u00edt\u00e1ni.","url":"https:\/\/www.azurreizen.cz","hasPart":[{"@type":"Article","@id":"https:\/\/www.azurreizen.cz\/jak-pomoci-opustene-strance\/","headline":"Jak pomoci opu\u0161t\u011bn\u00e9 str\u00e1nce?","url":"https:\/\/www.azurreizen.cz\/jak-pomoci-opustene-strance\/","datePublished":"2019-09-21","dateModified":"2023-04-28","mainEntityOfPage":"https:\/\/www.azurreizen.cz\/jak-pomoci-opustene-strance\/","author":{"@type":"Person","@id":"https:\/\/www.azurreizen.cz\/author\/#Person","name":"","url":"https:\/\/www.azurreizen.cz\/author\/","identifier":1,"image":{"@type":"ImageObject","@id":"https:\/\/secure.gravatar.com\/avatar\/9514fe8d0d5bc6f8b5e285c47f6d71536ab35446ffb077fff11f6ca1fa8b00ce?s=96&d=mm&r=g","url":"https:\/\/secure.gravatar.com\/avatar\/9514fe8d0d5bc6f8b5e285c47f6d71536ab35446ffb077fff11f6ca1fa8b00ce?s=96&d=mm&r=g","height":96,"width":96}},"publisher":{"@type":"Organization","name":"azurreizen.cz","logo":{"@type":"ImageObject","@id":"\/logo.png","url":"\/logo.png","width":600,"height":60}},"image":{"@type":"ImageObject","@id":"https:\/\/www.azurreizen.cz\/wp-content\/uploads\/img_a369499_w1764_t1581608359.jpg","url":"https:\/\/www.azurreizen.cz\/wp-content\/uploads\/img_a369499_w1764_t1581608359.jpg","height":0,"width":0},"wordCount":571,"keywords":null},{"@type":"Article","@id":"https:\/\/www.azurreizen.cz\/zabavte-deti-chytre\/","headline":"Zabavte d\u011bti chyt\u0159e!","url":"https:\/\/www.azurreizen.cz\/zabavte-deti-chytre\/","datePublished":"2019-09-19","dateModified":"2023-04-28","mainEntityOfPage":"https:\/\/www.azurreizen.cz\/zabavte-deti-chytre\/","author":{"@type":"Person","@id":"https:\/\/www.azurreizen.cz\/author\/#Person","name":"","url":"https:\/\/www.azurreizen.cz\/author\/","identifier":1,"image":{"@type":"ImageObject","@id":"https:\/\/secure.gravatar.com\/avatar\/9514fe8d0d5bc6f8b5e285c47f6d71536ab35446ffb077fff11f6ca1fa8b00ce?s=96&d=mm&r=g","url":"https:\/\/secure.gravatar.com\/avatar\/9514fe8d0d5bc6f8b5e285c47f6d71536ab35446ffb077fff11f6ca1fa8b00ce?s=96&d=mm&r=g","height":96,"width":96}},"publisher":{"@type":"Organization","name":"azurreizen.cz","logo":{"@type":"ImageObject","@id":"\/logo.png","url":"\/logo.png","width":600,"height":60}},"image":{"@type":"ImageObject","@id":"https:\/\/www.azurreizen.cz\/wp-content\/uploads\/img_a367400_w1764_t1579795753.jpg","url":"https:\/\/www.azurreizen.cz\/wp-content\/uploads\/img_a367400_w1764_t1579795753.jpg","height":0,"width":0},"wordCount":519,"keywords":null},{"@type":"Article","@id":"https:\/\/www.azurreizen.cz\/i-hracky-by-mely-plnit-alespon-nejakou-dalsi-funkci\/","headline":"I hra\u010dky by m\u011bly plnit alespo\u0148 n\u011bjakou dal\u0161\u00ed funkci","url":"https:\/\/www.azurreizen.cz\/i-hracky-by-mely-plnit-alespon-nejakou-dalsi-funkci\/","datePublished":"2019-08-16","dateModified":"2023-04-28","mainEntityOfPage":"https:\/\/www.azurreizen.cz\/i-hracky-by-mely-plnit-alespon-nejakou-dalsi-funkci\/","author":{"@type":"Person","@id":"https:\/\/www.azurreizen.cz\/author\/#Person","name":"","url":"https:\/\/www.azurreizen.cz\/author\/","identifier":1,"image":{"@type":"ImageObject","@id":"https:\/\/secure.gravatar.com\/avatar\/9514fe8d0d5bc6f8b5e285c47f6d71536ab35446ffb077fff11f6ca1fa8b00ce?s=96&d=mm&r=g","url":"https:\/\/secure.gravatar.com\/avatar\/9514fe8d0d5bc6f8b5e285c47f6d71536ab35446ffb077fff11f6ca1fa8b00ce?s=96&d=mm&r=g","height":96,"width":96}},"publisher":{"@type":"Organization","name":"azurreizen.cz","logo":{"@type":"ImageObject","@id":"\/logo.png","url":"\/logo.png","width":600,"height":60}},"image":{"@type":"ImageObject","@id":"https:\/\/www.azurreizen.cz\/wp-content\/uploads\/img_a366097_w1764_t1578653363.jpg","url":"https:\/\/www.azurreizen.cz\/wp-content\/uploads\/img_a366097_w1764_t1578653363.jpg","height":0,"width":0},"wordCount":539,"keywords":null},{"@type":"Article","@id":"https:\/\/www.azurreizen.cz\/kdo-pak-by-se-mysi-bal\/","headline":"Kdo pak by se my\u0161\u00ed b\u00e1l?","url":"https:\/\/www.azurreizen.cz\/kdo-pak-by-se-mysi-bal\/","datePublished":"2019-01-03","dateModified":"2023-04-28","mainEntityOfPage":"https:\/\/www.azurreizen.cz\/kdo-pak-by-se-mysi-bal\/","author":{"@type":"Person","@id":"https:\/\/www.azurreizen.cz\/author\/#Person","name":"","url":"https:\/\/www.azurreizen.cz\/author\/","identifier":1,"image":{"@type":"ImageObject","@id":"https:\/\/secure.gravatar.com\/avatar\/9514fe8d0d5bc6f8b5e285c47f6d71536ab35446ffb077fff11f6ca1fa8b00ce?s=96&d=mm&r=g","url":"https:\/\/secure.gravatar.com\/avatar\/9514fe8d0d5bc6f8b5e285c47f6d71536ab35446ffb077fff11f6ca1fa8b00ce?s=96&d=mm&r=g","height":96,"width":96}},"publisher":{"@type":"Organization","name":"azurreizen.cz","logo":{"@type":"ImageObject","@id":"\/logo.png","url":"\/logo.png","width":600,"height":60}},"image":{"@type":"ImageObject","@id":"https:\/\/www.azurreizen.cz\/wp-content\/uploads\/img_a338871_w1764_t1551629034.jpg","url":"https:\/\/www.azurreizen.cz\/wp-content\/uploads\/img_a338871_w1764_t1551629034.jpg","height":0,"width":0},"wordCount":4509,"keywords":null},{"@type":"Article","@id":"https:\/\/www.azurreizen.cz\/nejzajimavejsi-vyhlidky-na-prekrasne-prirodni-scenerie-v-cesku\/","headline":"Nejzaj\u00edmav\u011bj\u0161\u00ed vyhl\u00eddky na p\u0159ekr\u00e1sn\u00e9 p\u0159\u00edrodn\u00ed scen\u00e9rie v \u010cesku","url":"https:\/\/www.azurreizen.cz\/nejzajimavejsi-vyhlidky-na-prekrasne-prirodni-scenerie-v-cesku\/","datePublished":"2018-12-23","dateModified":"2023-04-28","mainEntityOfPage":"https:\/\/www.azurreizen.cz\/nejzajimavejsi-vyhlidky-na-prekrasne-prirodni-scenerie-v-cesku\/","author":{"@type":"Person","@id":"https:\/\/www.azurreizen.cz\/author\/#Person","name":"","url":"https:\/\/www.azurreizen.cz\/author\/","identifier":1,"image":{"@type":"ImageObject","@id":"https:\/\/secure.gravatar.com\/avatar\/9514fe8d0d5bc6f8b5e285c47f6d71536ab35446ffb077fff11f6ca1fa8b00ce?s=96&d=mm&r=g","url":"https:\/\/secure.gravatar.com\/avatar\/9514fe8d0d5bc6f8b5e285c47f6d71536ab35446ffb077fff11f6ca1fa8b00ce?s=96&d=mm&r=g","height":96,"width":96}},"publisher":{"@type":"Organization","name":"azurreizen.cz","logo":{"@type":"ImageObject","@id":"\/logo.png","url":"\/logo.png","width":600,"height":60}},"image":{"@type":"ImageObject","@id":"https:\/\/www.azurreizen.cz\/wp-content\/uploads\/img_a338121_w1764_t1550923287.jpg","url":"https:\/\/www.azurreizen.cz\/wp-content\/uploads\/img_a338121_w1764_t1550923287.jpg","height":0,"width":0},"wordCount":533,"keywords":null},{"@type":"Article","@id":"https:\/\/www.azurreizen.cz\/zvonove-kalhoty-hlasi-navrat\/","headline":"Zvonov\u00e9 kalhoty hl\u00e1s\u00ed n\u00e1vrat","url":"https:\/\/www.azurreizen.cz\/zvonove-kalhoty-hlasi-navrat\/","datePublished":"2018-12-22","dateModified":"2023-04-28","mainEntityOfPage":"https:\/\/www.azurreizen.cz\/zvonove-kalhoty-hlasi-navrat\/","author":{"@type":"Person","@id":"https:\/\/www.azurreizen.cz\/author\/#Person","name":"","url":"https:\/\/www.azurreizen.cz\/author\/","identifier":1,"image":{"@type":"ImageObject","@id":"https:\/\/secure.gravatar.com\/avatar\/9514fe8d0d5bc6f8b5e285c47f6d71536ab35446ffb077fff11f6ca1fa8b00ce?s=96&d=mm&r=g","url":"https:\/\/secure.gravatar.com\/avatar\/9514fe8d0d5bc6f8b5e285c47f6d71536ab35446ffb077fff11f6ca1fa8b00ce?s=96&d=mm&r=g","height":96,"width":96}},"publisher":{"@type":"Organization","name":"azurreizen.cz","logo":{"@type":"ImageObject","@id":"\/logo.png","url":"\/logo.png","width":600,"height":60}},"image":{"@type":"ImageObject","@id":"https:\/\/www.azurreizen.cz\/wp-content\/uploads\/img_a338058_w1764_t1550856048.jpg","url":"https:\/\/www.azurreizen.cz\/wp-content\/uploads\/img_a338058_w1764_t1550856048.jpg","height":0,"width":0},"wordCount":4478,"keywords":null},{"@type":"Article","@id":"https:\/\/www.azurreizen.cz\/obiloviny-lusteniny-a-dalsi-seminka-na-kliceni\/","headline":"Obiloviny, lu\u0161t\u011bniny a dal\u0161\u00ed sem\u00ednka na kl\u00ed\u010den\u00ed","url":"https:\/\/www.azurreizen.cz\/obiloviny-lusteniny-a-dalsi-seminka-na-kliceni\/","datePublished":"2018-12-20","dateModified":"2023-04-28","mainEntityOfPage":"https:\/\/www.azurreizen.cz\/obiloviny-lusteniny-a-dalsi-seminka-na-kliceni\/","author":{"@type":"Person","@id":"https:\/\/www.azurreizen.cz\/author\/#Person","name":"","url":"https:\/\/www.azurreizen.cz\/author\/","identifier":1,"image":{"@type":"ImageObject","@id":"https:\/\/secure.gravatar.com\/avatar\/9514fe8d0d5bc6f8b5e285c47f6d71536ab35446ffb077fff11f6ca1fa8b00ce?s=96&d=mm&r=g","url":"https:\/\/secure.gravatar.com\/avatar\/9514fe8d0d5bc6f8b5e285c47f6d71536ab35446ffb077fff11f6ca1fa8b00ce?s=96&d=mm&r=g","height":96,"width":96}},"publisher":{"@type":"Organization","name":"azurreizen.cz","logo":{"@type":"ImageObject","@id":"\/logo.png","url":"\/logo.png","width":600,"height":60}},"image":{"@type":"ImageObject","@id":"https:\/\/www.azurreizen.cz\/wp-content\/uploads\/img_a337560_w1722_t1550658452.jpg","url":"https:\/\/www.azurreizen.cz\/wp-content\/uploads\/img_a337560_w1722_t1550658452.jpg","height":0,"width":0},"wordCount":556,"keywords":null},{"@type":"Article","@id":"https:\/\/www.azurreizen.cz\/aby-byl-web-sledovan\/","headline":"Aby byl web sledov\u00e1n","url":"https:\/\/www.azurreizen.cz\/aby-byl-web-sledovan\/","datePublished":"2018-11-30","dateModified":"2023-04-28","mainEntityOfPage":"https:\/\/www.azurreizen.cz\/aby-byl-web-sledovan\/","author":{"@type":"Person","@id":"https:\/\/www.azurreizen.cz\/author\/#Person","name":"","url":"https:\/\/www.azurreizen.cz\/author\/","identifier":1,"image":{"@type":"ImageObject","@id":"https:\/\/secure.gravatar.com\/avatar\/9514fe8d0d5bc6f8b5e285c47f6d71536ab35446ffb077fff11f6ca1fa8b00ce?s=96&d=mm&r=g","url":"https:\/\/secure.gravatar.com\/avatar\/9514fe8d0d5bc6f8b5e285c47f6d71536ab35446ffb077fff11f6ca1fa8b00ce?s=96&d=mm&r=g","height":96,"width":96}},"publisher":{"@type":"Organization","name":"azurreizen.cz","logo":{"@type":"ImageObject","@id":"\/logo.png","url":"\/logo.png","width":600,"height":60}},"image":{"@type":"ImageObject","@id":"https:\/\/www.azurreizen.cz\/wp-content\/uploads\/img_a335680_w1764_t1548859984.jpg","url":"https:\/\/www.azurreizen.cz\/wp-content\/uploads\/img_a335680_w1764_t1548859984.jpg","height":0,"width":0},"wordCount":621,"keywords":null},{"@type":"Article","@id":"https:\/\/www.azurreizen.cz\/co-podniknout\/","headline":"Co podniknout?","url":"https:\/\/www.azurreizen.cz\/co-podniknout\/","datePublished":"2018-10-29","dateModified":"2023-04-28","mainEntityOfPage":"https:\/\/www.azurreizen.cz\/co-podniknout\/","author":{"@type":"Person","@id":"https:\/\/www.azurreizen.cz\/author\/#Person","name":"","url":"https:\/\/www.azurreizen.cz\/author\/","identifier":1,"image":{"@type":"ImageObject","@id":"https:\/\/secure.gravatar.com\/avatar\/9514fe8d0d5bc6f8b5e285c47f6d71536ab35446ffb077fff11f6ca1fa8b00ce?s=96&d=mm&r=g","url":"https:\/\/secure.gravatar.com\/avatar\/9514fe8d0d5bc6f8b5e285c47f6d71536ab35446ffb077fff11f6ca1fa8b00ce?s=96&d=mm&r=g","height":96,"width":96}},"publisher":{"@type":"Organization","name":"azurreizen.cz","logo":{"@type":"ImageObject","@id":"\/logo.png","url":"\/logo.png","width":600,"height":60}},"image":{"@type":"ImageObject","@id":"https:\/\/www.azurreizen.cz\/wp-content\/uploads\/img_a333002_w1764_t1546118319.png","url":"https:\/\/www.azurreizen.cz\/wp-content\/uploads\/img_a333002_w1764_t1546118319.png","height":0,"width":0},"wordCount":4618,"keywords":null},{"@type":"Article","@id":"https:\/\/www.azurreizen.cz\/amazon-chce-vytvorit-vlastni-kryptomenu\/","headline":"Amazon chce vytvo\u0159it vlastn\u00ed kryptom\u011bnu","url":"https:\/\/www.azurreizen.cz\/amazon-chce-vytvorit-vlastni-kryptomenu\/","datePublished":"2018-09-15","dateModified":"2023-04-28","mainEntityOfPage":"https:\/\/www.azurreizen.cz\/amazon-chce-vytvorit-vlastni-kryptomenu\/","author":{"@type":"Person","@id":"https:\/\/www.azurreizen.cz\/author\/#Person","name":"","url":"https:\/\/www.azurreizen.cz\/author\/","identifier":1,"image":{"@type":"ImageObject","@id":"https:\/\/secure.gravatar.com\/avatar\/9514fe8d0d5bc6f8b5e285c47f6d71536ab35446ffb077fff11f6ca1fa8b00ce?s=96&d=mm&r=g","url":"https:\/\/secure.gravatar.com\/avatar\/9514fe8d0d5bc6f8b5e285c47f6d71536ab35446ffb077fff11f6ca1fa8b00ce?s=96&d=mm&r=g","height":96,"width":96}},"publisher":{"@type":"Organization","name":"azurreizen.cz","logo":{"@type":"ImageObject","@id":"\/logo.png","url":"\/logo.png","width":600,"height":60}},"image":{"@type":"ImageObject","@id":"https:\/\/www.azurreizen.cz\/wp-content\/uploads\/img_a329732_w1764_t1542307980.jpg","url":"https:\/\/www.azurreizen.cz\/wp-content\/uploads\/img_a329732_w1764_t1542307980.jpg","height":0,"width":0},"wordCount":4481,"keywords":null}]},{"@context":"https:\/\/schema.org","@type":"WebSite","@id":"https:\/\/www.azurreizen.cz\/#website","name":"Azurreizen","url":"https:\/\/www.azurreizen.cz","potentialAction":{"@type":"SearchAction","target":"https:\/\/www.azurreizen.cz\/?s={search_term_string}","query-input":"required name=search_term_string"}}]