[{"@context":"https:\/\/schema.org\/","@type":"Blog","@id":"https:\/\/www.azurreizen.cz#Blog","headline":"Azurreizen","description":"\nChcete poznat web, na kter\u00fd pro jeho kvality dost mo\u017en\u00e1 a\u017e do nejdel\u0161\u00ed smrti nezapomenete? Pokud ano, jste na n\u011bm, tedy na na\u0161em webu, v\u017edy srde\u010dn\u011b v\u00edt\u00e1ni.","url":"https:\/\/www.azurreizen.cz","hasPart":[{"@type":"Article","@id":"https:\/\/www.azurreizen.cz\/prazske-uklizene-byty-a-oda-na-radost\/","headline":"Pra\u017esk\u00e9 uklizen\u00e9 byty a \u00f3da na radost","url":"https:\/\/www.azurreizen.cz\/prazske-uklizene-byty-a-oda-na-radost\/","datePublished":"2019-12-01","dateModified":"2023-04-28","mainEntityOfPage":"https:\/\/www.azurreizen.cz\/prazske-uklizene-byty-a-oda-na-radost\/","author":{"@type":"Person","@id":"https:\/\/www.azurreizen.cz\/author\/#Person","name":"","url":"https:\/\/www.azurreizen.cz\/author\/","identifier":1,"image":{"@type":"ImageObject","@id":"https:\/\/secure.gravatar.com\/avatar\/9514fe8d0d5bc6f8b5e285c47f6d71536ab35446ffb077fff11f6ca1fa8b00ce?s=96&d=mm&r=g","url":"https:\/\/secure.gravatar.com\/avatar\/9514fe8d0d5bc6f8b5e285c47f6d71536ab35446ffb077fff11f6ca1fa8b00ce?s=96&d=mm&r=g","height":96,"width":96}},"publisher":{"@type":"Organization","name":"azurreizen.cz","logo":{"@type":"ImageObject","@id":"\/logo.png","url":"\/logo.png","width":600,"height":60}},"image":{"@type":"ImageObject","@id":"https:\/\/www.azurreizen.cz\/wp-content\/uploads\/img_a369238_w1764_t1581411854.jpg","url":"https:\/\/www.azurreizen.cz\/wp-content\/uploads\/img_a369238_w1764_t1581411854.jpg","height":0,"width":0},"wordCount":561,"keywords":null},{"@type":"Article","@id":"https:\/\/www.azurreizen.cz\/zkusenosti-jsou-v-priprave-svatebniho-dne-to-nejdulezitejsi\/","headline":"Zku\u0161enosti jsou v p\u0159\u00edprav\u011b svatebn\u00edho dne to nejd\u016fle\u017eit\u011bj\u0161\u00ed","url":"https:\/\/www.azurreizen.cz\/zkusenosti-jsou-v-priprave-svatebniho-dne-to-nejdulezitejsi\/","datePublished":"2019-11-26","dateModified":"2023-04-28","mainEntityOfPage":"https:\/\/www.azurreizen.cz\/zkusenosti-jsou-v-priprave-svatebniho-dne-to-nejdulezitejsi\/","author":{"@type":"Person","@id":"https:\/\/www.azurreizen.cz\/author\/#Person","name":"","url":"https:\/\/www.azurreizen.cz\/author\/","identifier":1,"image":{"@type":"ImageObject","@id":"https:\/\/secure.gravatar.com\/avatar\/9514fe8d0d5bc6f8b5e285c47f6d71536ab35446ffb077fff11f6ca1fa8b00ce?s=96&d=mm&r=g","url":"https:\/\/secure.gravatar.com\/avatar\/9514fe8d0d5bc6f8b5e285c47f6d71536ab35446ffb077fff11f6ca1fa8b00ce?s=96&d=mm&r=g","height":96,"width":96}},"publisher":{"@type":"Organization","name":"azurreizen.cz","logo":{"@type":"ImageObject","@id":"\/logo.png","url":"\/logo.png","width":600,"height":60}},"image":{"@type":"ImageObject","@id":"https:\/\/www.azurreizen.cz\/wp-content\/uploads\/img_a366499_w1764_t1579093068.jpg","url":"https:\/\/www.azurreizen.cz\/wp-content\/uploads\/img_a366499_w1764_t1579093068.jpg","height":0,"width":0},"wordCount":568,"keywords":null},{"@type":"Article","@id":"https:\/\/www.azurreizen.cz\/jizda-na-konich\/","headline":"J\u00edzda na kon\u00edch","url":"https:\/\/www.azurreizen.cz\/jizda-na-konich\/","datePublished":"2019-11-19","dateModified":"2023-04-28","mainEntityOfPage":"https:\/\/www.azurreizen.cz\/jizda-na-konich\/","author":{"@type":"Person","@id":"https:\/\/www.azurreizen.cz\/author\/#Person","name":"","url":"https:\/\/www.azurreizen.cz\/author\/","identifier":1,"image":{"@type":"ImageObject","@id":"https:\/\/secure.gravatar.com\/avatar\/9514fe8d0d5bc6f8b5e285c47f6d71536ab35446ffb077fff11f6ca1fa8b00ce?s=96&d=mm&r=g","url":"https:\/\/secure.gravatar.com\/avatar\/9514fe8d0d5bc6f8b5e285c47f6d71536ab35446ffb077fff11f6ca1fa8b00ce?s=96&d=mm&r=g","height":96,"width":96}},"publisher":{"@type":"Organization","name":"azurreizen.cz","logo":{"@type":"ImageObject","@id":"\/logo.png","url":"\/logo.png","width":600,"height":60}},"image":{"@type":"ImageObject","@id":"https:\/\/www.azurreizen.cz\/wp-content\/uploads\/img_a369136_w1764_t1581333897.jpg","url":"https:\/\/www.azurreizen.cz\/wp-content\/uploads\/img_a369136_w1764_t1581333897.jpg","height":0,"width":0},"wordCount":4504,"keywords":null},{"@type":"Article","@id":"https:\/\/www.azurreizen.cz\/vite-jaka-nakladaci-technika-je-nejlepsi\/","headline":"V\u00edte, jak\u00e1 nakl\u00e1dac\u00ed technika je nejlep\u0161\u00ed?","url":"https:\/\/www.azurreizen.cz\/vite-jaka-nakladaci-technika-je-nejlepsi\/","datePublished":"2019-11-12","dateModified":"2023-04-28","mainEntityOfPage":"https:\/\/www.azurreizen.cz\/vite-jaka-nakladaci-technika-je-nejlepsi\/","author":{"@type":"Person","@id":"https:\/\/www.azurreizen.cz\/author\/#Person","name":"","url":"https:\/\/www.azurreizen.cz\/author\/","identifier":1,"image":{"@type":"ImageObject","@id":"https:\/\/secure.gravatar.com\/avatar\/9514fe8d0d5bc6f8b5e285c47f6d71536ab35446ffb077fff11f6ca1fa8b00ce?s=96&d=mm&r=g","url":"https:\/\/secure.gravatar.com\/avatar\/9514fe8d0d5bc6f8b5e285c47f6d71536ab35446ffb077fff11f6ca1fa8b00ce?s=96&d=mm&r=g","height":96,"width":96}},"publisher":{"@type":"Organization","name":"azurreizen.cz","logo":{"@type":"ImageObject","@id":"\/logo.png","url":"\/logo.png","width":600,"height":60}},"image":{"@type":"ImageObject","@id":"https:\/\/www.azurreizen.cz\/wp-content\/uploads\/img_a366556_w1764_t1579175147.jpg","url":"https:\/\/www.azurreizen.cz\/wp-content\/uploads\/img_a366556_w1764_t1579175147.jpg","height":0,"width":0},"wordCount":521,"keywords":null},{"@type":"Article","@id":"https:\/\/www.azurreizen.cz\/co-delat-pokud-se-ve-vasem-meste-provadi-zemni-a-vykopove-prace\/","headline":"Co d\u011blat, pokud se ve va\u0161em m\u011bst\u011b prov\u00e1d\u00ed zemn\u00ed a v\u00fdkopov\u00e9 pr\u00e1ce","url":"https:\/\/www.azurreizen.cz\/co-delat-pokud-se-ve-vasem-meste-provadi-zemni-a-vykopove-prace\/","datePublished":"2019-11-06","dateModified":"2023-04-28","mainEntityOfPage":"https:\/\/www.azurreizen.cz\/co-delat-pokud-se-ve-vasem-meste-provadi-zemni-a-vykopove-prace\/","author":{"@type":"Person","@id":"https:\/\/www.azurreizen.cz\/author\/#Person","name":"","url":"https:\/\/www.azurreizen.cz\/author\/","identifier":1,"image":{"@type":"ImageObject","@id":"https:\/\/secure.gravatar.com\/avatar\/9514fe8d0d5bc6f8b5e285c47f6d71536ab35446ffb077fff11f6ca1fa8b00ce?s=96&d=mm&r=g","url":"https:\/\/secure.gravatar.com\/avatar\/9514fe8d0d5bc6f8b5e285c47f6d71536ab35446ffb077fff11f6ca1fa8b00ce?s=96&d=mm&r=g","height":96,"width":96}},"publisher":{"@type":"Organization","name":"azurreizen.cz","logo":{"@type":"ImageObject","@id":"\/logo.png","url":"\/logo.png","width":600,"height":60}},"image":{"@type":"ImageObject","@id":"https:\/\/www.azurreizen.cz\/wp-content\/uploads\/img_a369192_w1764_t1581407542.jpg","url":"https:\/\/www.azurreizen.cz\/wp-content\/uploads\/img_a369192_w1764_t1581407542.jpg","height":0,"width":0},"wordCount":748,"keywords":null},{"@type":"Article","@id":"https:\/\/www.azurreizen.cz\/oslava-kterou-necekali\/","headline":"Oslava, kterou ne\u010dekali","url":"https:\/\/www.azurreizen.cz\/oslava-kterou-necekali\/","datePublished":"2019-11-04","dateModified":"2023-04-28","mainEntityOfPage":"https:\/\/www.azurreizen.cz\/oslava-kterou-necekali\/","author":{"@type":"Person","@id":"https:\/\/www.azurreizen.cz\/author\/#Person","name":"","url":"https:\/\/www.azurreizen.cz\/author\/","identifier":1,"image":{"@type":"ImageObject","@id":"https:\/\/secure.gravatar.com\/avatar\/9514fe8d0d5bc6f8b5e285c47f6d71536ab35446ffb077fff11f6ca1fa8b00ce?s=96&d=mm&r=g","url":"https:\/\/secure.gravatar.com\/avatar\/9514fe8d0d5bc6f8b5e285c47f6d71536ab35446ffb077fff11f6ca1fa8b00ce?s=96&d=mm&r=g","height":96,"width":96}},"publisher":{"@type":"Organization","name":"azurreizen.cz","logo":{"@type":"ImageObject","@id":"\/logo.png","url":"\/logo.png","width":600,"height":60}},"image":{"@type":"ImageObject","@id":"https:\/\/www.azurreizen.cz\/wp-content\/uploads\/img_a368302_w1764_t1580563370.jpg","url":"https:\/\/www.azurreizen.cz\/wp-content\/uploads\/img_a368302_w1764_t1580563370.jpg","height":0,"width":0},"wordCount":539,"keywords":null},{"@type":"Article","@id":"https:\/\/www.azurreizen.cz\/co-nam-priroda-nabizi\/","headline":"Co n\u00e1m p\u0159\u00edroda nab\u00edz\u00ed?","url":"https:\/\/www.azurreizen.cz\/co-nam-priroda-nabizi\/","datePublished":"2019-10-27","dateModified":"2023-04-28","mainEntityOfPage":"https:\/\/www.azurreizen.cz\/co-nam-priroda-nabizi\/","author":{"@type":"Person","@id":"https:\/\/www.azurreizen.cz\/author\/#Person","name":"","url":"https:\/\/www.azurreizen.cz\/author\/","identifier":1,"image":{"@type":"ImageObject","@id":"https:\/\/secure.gravatar.com\/avatar\/9514fe8d0d5bc6f8b5e285c47f6d71536ab35446ffb077fff11f6ca1fa8b00ce?s=96&d=mm&r=g","url":"https:\/\/secure.gravatar.com\/avatar\/9514fe8d0d5bc6f8b5e285c47f6d71536ab35446ffb077fff11f6ca1fa8b00ce?s=96&d=mm&r=g","height":96,"width":96}},"publisher":{"@type":"Organization","name":"azurreizen.cz","logo":{"@type":"ImageObject","@id":"\/logo.png","url":"\/logo.png","width":600,"height":60}},"image":{"@type":"ImageObject","@id":"https:\/\/www.azurreizen.cz\/wp-content\/uploads\/img_a369992_w1764_t1581851724.jpg","url":"https:\/\/www.azurreizen.cz\/wp-content\/uploads\/img_a369992_w1764_t1581851724.jpg","height":0,"width":0},"wordCount":4518,"keywords":null},{"@type":"Article","@id":"https:\/\/www.azurreizen.cz\/pri-stehovani-bytu-praha-je-narocna-predevsim-priprava\/","headline":"P\u0159i st\u011bhov\u00e1n\u00ed byt\u016f Praha je n\u00e1ro\u010dn\u00e1 p\u0159edev\u0161\u00edm p\u0159\u00edprava","url":"https:\/\/www.azurreizen.cz\/pri-stehovani-bytu-praha-je-narocna-predevsim-priprava\/","datePublished":"2019-10-24","dateModified":"2023-04-28","mainEntityOfPage":"https:\/\/www.azurreizen.cz\/pri-stehovani-bytu-praha-je-narocna-predevsim-priprava\/","author":{"@type":"Person","@id":"https:\/\/www.azurreizen.cz\/author\/#Person","name":"","url":"https:\/\/www.azurreizen.cz\/author\/","identifier":1,"image":{"@type":"ImageObject","@id":"https:\/\/secure.gravatar.com\/avatar\/9514fe8d0d5bc6f8b5e285c47f6d71536ab35446ffb077fff11f6ca1fa8b00ce?s=96&d=mm&r=g","url":"https:\/\/secure.gravatar.com\/avatar\/9514fe8d0d5bc6f8b5e285c47f6d71536ab35446ffb077fff11f6ca1fa8b00ce?s=96&d=mm&r=g","height":96,"width":96}},"publisher":{"@type":"Organization","name":"azurreizen.cz","logo":{"@type":"ImageObject","@id":"\/logo.png","url":"\/logo.png","width":600,"height":60}},"image":{"@type":"ImageObject","@id":"https:\/\/www.azurreizen.cz\/wp-content\/uploads\/img_a369358_w1764_t1581573589.jpg","url":"https:\/\/www.azurreizen.cz\/wp-content\/uploads\/img_a369358_w1764_t1581573589.jpg","height":0,"width":0},"wordCount":615,"keywords":null},{"@type":"Article","@id":"https:\/\/www.azurreizen.cz\/sportovni-vyziti-na-trampolinach-i-jinak\/","headline":"Sportovn\u00ed vy\u017eit\u00ed na trampol\u00edn\u00e1ch i jinak","url":"https:\/\/www.azurreizen.cz\/sportovni-vyziti-na-trampolinach-i-jinak\/","datePublished":"2019-10-23","dateModified":"2023-04-28","mainEntityOfPage":"https:\/\/www.azurreizen.cz\/sportovni-vyziti-na-trampolinach-i-jinak\/","author":{"@type":"Person","@id":"https:\/\/www.azurreizen.cz\/author\/#Person","name":"","url":"https:\/\/www.azurreizen.cz\/author\/","identifier":1,"image":{"@type":"ImageObject","@id":"https:\/\/secure.gravatar.com\/avatar\/9514fe8d0d5bc6f8b5e285c47f6d71536ab35446ffb077fff11f6ca1fa8b00ce?s=96&d=mm&r=g","url":"https:\/\/secure.gravatar.com\/avatar\/9514fe8d0d5bc6f8b5e285c47f6d71536ab35446ffb077fff11f6ca1fa8b00ce?s=96&d=mm&r=g","height":96,"width":96}},"publisher":{"@type":"Organization","name":"azurreizen.cz","logo":{"@type":"ImageObject","@id":"\/logo.png","url":"\/logo.png","width":600,"height":60}},"image":{"@type":"ImageObject","@id":"https:\/\/www.azurreizen.cz\/wp-content\/uploads\/img_a366205_w1764_t1578909711.jpg","url":"https:\/\/www.azurreizen.cz\/wp-content\/uploads\/img_a366205_w1764_t1578909711.jpg","height":0,"width":0},"wordCount":4458,"keywords":null},{"@type":"Article","@id":"https:\/\/www.azurreizen.cz\/jake-ma-reklamni-predmety-praha\/","headline":"Jak\u00e9 m\u00e1 reklamn\u00ed p\u0159edm\u011bty Praha?","url":"https:\/\/www.azurreizen.cz\/jake-ma-reklamni-predmety-praha\/","datePublished":"2019-10-20","dateModified":"2023-04-28","mainEntityOfPage":"https:\/\/www.azurreizen.cz\/jake-ma-reklamni-predmety-praha\/","author":{"@type":"Person","@id":"https:\/\/www.azurreizen.cz\/author\/#Person","name":"","url":"https:\/\/www.azurreizen.cz\/author\/","identifier":1,"image":{"@type":"ImageObject","@id":"https:\/\/secure.gravatar.com\/avatar\/9514fe8d0d5bc6f8b5e285c47f6d71536ab35446ffb077fff11f6ca1fa8b00ce?s=96&d=mm&r=g","url":"https:\/\/secure.gravatar.com\/avatar\/9514fe8d0d5bc6f8b5e285c47f6d71536ab35446ffb077fff11f6ca1fa8b00ce?s=96&d=mm&r=g","height":96,"width":96}},"publisher":{"@type":"Organization","name":"azurreizen.cz","logo":{"@type":"ImageObject","@id":"\/logo.png","url":"\/logo.png","width":600,"height":60}},"image":{"@type":"ImageObject","@id":"https:\/\/www.azurreizen.cz\/wp-content\/uploads\/img_a366193_w1764_t1578907582.jpg","url":"https:\/\/www.azurreizen.cz\/wp-content\/uploads\/img_a366193_w1764_t1578907582.jpg","height":0,"width":0},"wordCount":658,"keywords":null}]},{"@context":"https:\/\/schema.org","@type":"WebSite","@id":"https:\/\/www.azurreizen.cz\/#website","name":"Azurreizen","url":"https:\/\/www.azurreizen.cz","potentialAction":{"@type":"SearchAction","target":"https:\/\/www.azurreizen.cz\/?s={search_term_string}","query-input":"required name=search_term_string"}}]