[{"@context":"https:\/\/schema.org\/","@type":"Article","@id":"https:\/\/www.azurreizen.cz\/oblekejte-se-po-vzoru-zen-z-prvni-republiky\/#Article","mainEntityOfPage":"https:\/\/www.azurreizen.cz\/oblekejte-se-po-vzoru-zen-z-prvni-republiky\/","headline":"Obl\u00e9kejte se po vzoru \u017een z prvn\u00ed republiky","name":"Obl\u00e9kejte se po vzoru \u017een z prvn\u00ed republiky","description":"\u017deny za prvn\u00ed republiky se skute\u010dn\u011b mohly naz\u00fdvat d\u00e1mami. Obl\u00e9k\u00e1n\u00ed ve 30. letech se velmi li\u0161ilo od toho, co je modern\u00ed dnes. Nicm\u00e9n\u011b retro se pr\u00fd vrac\u00ed, tak\u017ee je \u010das osv\u011b\u017eit si, jak vypad\u00e1 prvorepublikov\u00e1 m\u00f3da. Ur\u010dit\u011b najdeme mnoho inspirace. Pokud se d\u00edv\u00e1te na seri\u00e1l Prvn\u00ed republika, jist\u011b v\u00edte, o \u010dem je \u0159e\u010d. T\u0159ic\u00e1t\u00e1 l\u00e9ta [&hellip;]","datePublished":"2016-12-13","dateModified":"2023-04-28","author":{"@type":"Person","@id":"https:\/\/www.azurreizen.cz\/author\/#Person","name":"","url":"https:\/\/www.azurreizen.cz\/author\/","identifier":1,"image":{"@type":"ImageObject","@id":"https:\/\/secure.gravatar.com\/avatar\/9514fe8d0d5bc6f8b5e285c47f6d71536ab35446ffb077fff11f6ca1fa8b00ce?s=96&d=mm&r=g","url":"https:\/\/secure.gravatar.com\/avatar\/9514fe8d0d5bc6f8b5e285c47f6d71536ab35446ffb077fff11f6ca1fa8b00ce?s=96&d=mm&r=g","height":96,"width":96}},"publisher":{"@type":"Organization","name":"azurreizen.cz","logo":{"@type":"ImageObject","@id":"\/logo.png","url":"\/logo.png","width":600,"height":60}},"url":"https:\/\/www.azurreizen.cz\/oblekejte-se-po-vzoru-zen-z-prvni-republiky\/","about":["D\u011bti"],"wordCount":440,"articleBody":"\u017deny za prvn\u00ed republiky se skute\u010dn\u011b mohly naz\u00fdvat d\u00e1mami. Obl\u00e9k\u00e1n\u00ed ve 30. letech se velmi li\u0161ilo od toho, co je modern\u00ed dnes. Nicm\u00e9n\u011b retro se pr\u00fd vrac\u00ed, tak\u017ee je \u010das osv\u011b\u017eit si, jak vypad\u00e1 prvorepublikov\u00e1 m\u00f3da. Ur\u010dit\u011b najdeme mnoho inspirace. Pokud se d\u00edv\u00e1te na seri\u00e1l Prvn\u00ed republika, jist\u011b v\u00edte, o \u010dem je \u0159e\u010d.T\u0159ic\u00e1t\u00e1 l\u00e9ta jsou skute\u010dnou m\u00f3dn\u00ed revoluc\u00ed. Za\u010daly se nosit kalhotov\u00e9 kost\u00fdmy, podprsenky a spl\u00fdvav\u00e9 materi\u00e1ly. Takt\u00e9\u017e se tato doba naz\u00fdv\u00e1 dobou zkracov\u00e1n\u00ed (nicm\u00e9n\u011b minisukn\u011b p\u0159i\u0161ly a\u017e pozd\u011bji). \u017deny zkracovaly vlasy i sukn\u011b. M\u00e1me se od dam jako Adina Mandlov\u00e1 \u010di L\u00edda Baarov\u00e1 zkr\u00e1tka co u\u010dit.\u0160atyOdlo\u017ete kalhoty a rifle a rad\u011bji s\u00e1hn\u011bte po elegantn\u00edch \u0161atech. Ty jsou prost\u011b z\u00e1klad. Doba prvn\u00ed republiky sice byla za\u010d\u00e1tkem m\u00f3dy kalhotov\u00fdch kost\u00fdm\u016f, ale up\u0159\u00edmn\u011b, koho osln\u00edte v\u00a0kalhot\u00e1ch? Chcete-li se c\u00edtit pravou d\u00e1mou, je t\u0159eba zvolit rozhodn\u011b \u0161aty. V\u00a0t\u00e9to dob\u011b se nosily jednoduch\u00e9 \u0161aty kon\u010d\u00edc\u00ed pod koleny s\u00a0\u00fazk\u00fdm st\u0159ihem a sukn\u00ed m\u00edrn\u011b do zvonu. \u017deny byly py\u0161n\u00e9 na sv\u016fj pas, kter\u00fd zv\u00fdraz\u0148ovaly pr\u00e1v\u011b upnut\u00fdmi \u0161aty nebo tenk\u00fd p\u00e1skem.\u010cas na kloboukKlobouk byl nejd\u016fle\u017eit\u011bj\u0161\u00edm m\u00f3dn\u00edm dopl\u0148kem \u017een v\u00a0mnoha dob\u00e1ch \u2013 za prvn\u00ed republiky obzvl\u00e1\u0161\u0165. Klobouk se nasazoval na \u0161pi\u010dku hlavy a pozd\u011bji dokonce a\u017e t\u011bsn\u011b na t\u00fdl. \u017d\u00e1dn\u00e1 \u017eena se neobe\u0161la bez klobouku a bez rukavi\u010dek. Jen tak doc\u00edl\u00edte dokonal\u00e9 elegance.L\u00ed\u010den\u00ed a spr\u00e1vn\u00fd \u00fa\u010desCo se t\u00fd\u010de \u00fa\u010desu, tak vl\u00e1dla jednozna\u010dn\u011b klasick\u00e1 pokl\u00e1dan\u00e1 vlna. \u017deny snad nenosily ani nic jin\u00e9ho. Modern\u00ed byly krat\u0161\u00ed vlasy. Ty dlouh\u00e9 se s\u010des\u00e1valy do r\u016fzn\u00fdch drdol\u016f. L\u00ed\u010den\u00ed muselo b\u00fdt v\u00fdrazn\u00e9. Nesm\u011bla chyb\u011bt rud\u00e1 rt\u011bnka a tenk\u00e9 tmav\u00e9 obo\u010d\u00ed.BotyLodi\u010dkami nikdy nic nezkaz\u00edte, ale tenkr\u00e1t se nosily sp\u00ed\u0161e mokas\u00edny, jejich\u017e m\u00f3da se nyn\u00ed opravdu zase vrac\u00ed. Ur\u010dit\u011b zvolte sp\u00ed\u0161e ty na m\u00edrn\u011bj\u0161\u00edm podpatku, budou i pohodln\u011bj\u0161\u00ed. Zapome\u0148te v\u0161ak na baler\u00edny nebo boty na vysok\u00e9 platform\u011b.Vzor\u016fm v\u00e9vodily kv\u011btinov\u00e9 a k\u00e1rovan\u00e9 materi\u00e1ly dopln\u011bn\u00e9 v\u00fdraznou ma\u0161l\u00ed, stuhou \u010di \u0161n\u011brov\u00e1n\u00edm. Stejn\u011b tak jako byly modern\u00ed vlnit\u00e9 vlasy, se vlny nosily i na oble\u010den\u00ed.                                                                                                                                                                                                                                                                                                                                                                                        1\/5 - (1 vote)        "},{"@context":"https:\/\/schema.org\/","@type":"BreadcrumbList","itemListElement":[{"@type":"ListItem","position":1,"name":"Obl\u00e9kejte se po vzoru \u017een z prvn\u00ed republiky","item":"https:\/\/www.azurreizen.cz\/oblekejte-se-po-vzoru-zen-z-prvni-republiky\/#breadcrumbitem"}]}]