[{"@context":"https:\/\/schema.org\/","@type":"Article","@id":"https:\/\/www.azurreizen.cz\/nevite-jestli-nektery-zubar-bere\/#Article","mainEntityOfPage":"https:\/\/www.azurreizen.cz\/nevite-jestli-nektery-zubar-bere\/","headline":"Nev\u00edte, jestli n\u011bkter\u00fd zuba\u0159 bere?","name":"Nev\u00edte, jestli n\u011bkter\u00fd zuba\u0159 bere?","description":"Posledn\u00ed roky je tato v\u011bta velmi \u010dastou ot\u00e1zkou. Jak je mo\u017en\u00e9, \u017ee v dne\u0161n\u00ed dob\u011b nen\u00ed mo\u017en\u00e9 se zaregistrovat k zubn\u00edmu l\u00e9ka\u0159i? Je snad m\u00e1lo student\u016f, kte\u0159\u00ed vystuduj\u00ed stomatologickou \u0161kolu nebo nemaj\u00ed praxi? Mo\u017en\u00e1 odch\u00e1z\u00ed do zahrani\u010d\u00ed nebo se nikomu do mal\u00fdch m\u011bste\u010dek v pohrani\u010d\u00ed nechce. Kdo v\u00ed, ale realita je takov\u00e1, \u017ee za zuba\u0159em [&hellip;]","datePublished":"2019-12-03","dateModified":"2023-04-28","author":{"@type":"Person","@id":"https:\/\/www.azurreizen.cz\/author\/#Person","name":"","url":"https:\/\/www.azurreizen.cz\/author\/","identifier":1,"image":{"@type":"ImageObject","@id":"https:\/\/secure.gravatar.com\/avatar\/9514fe8d0d5bc6f8b5e285c47f6d71536ab35446ffb077fff11f6ca1fa8b00ce?s=96&d=mm&r=g","url":"https:\/\/secure.gravatar.com\/avatar\/9514fe8d0d5bc6f8b5e285c47f6d71536ab35446ffb077fff11f6ca1fa8b00ce?s=96&d=mm&r=g","height":96,"width":96}},"publisher":{"@type":"Organization","name":"azurreizen.cz","logo":{"@type":"ImageObject","@id":"\/logo.png","url":"\/logo.png","width":600,"height":60}},"image":{"@type":"ImageObject","@id":"https:\/\/www.azurreizen.cz\/wp-content\/uploads\/img_a369123_w1764_t1581331445.jpg","url":"https:\/\/www.azurreizen.cz\/wp-content\/uploads\/img_a369123_w1764_t1581331445.jpg","height":0,"width":0},"url":"https:\/\/www.azurreizen.cz\/nevite-jestli-nektery-zubar-bere\/","about":["Business"],"wordCount":451,"articleBody":"          Posledn\u00ed roky je tato v\u011bta velmi \u010dastou ot\u00e1zkou. Jak je mo\u017en\u00e9, \u017ee v dne\u0161n\u00ed dob\u011b nen\u00ed mo\u017en\u00e9 se zaregistrovat k zubn\u00edmu l\u00e9ka\u0159i? Je snad m\u00e1lo student\u016f, kte\u0159\u00ed vystuduj\u00ed stomatologickou \u0161kolu nebo nemaj\u00ed praxi? Mo\u017en\u00e1 odch\u00e1z\u00ed do zahrani\u010d\u00ed nebo se nikomu do mal\u00fdch m\u011bste\u010dek v pohrani\u010d\u00ed nechce. Kdo v\u00ed, ale realita je takov\u00e1, \u017ee za zuba\u0159em se mus\u00ed zkr\u00e1tka doj\u00ed\u017ed\u011bt nebo \u010dekat, zdali se neuvoln\u00ed m\u00edsto a my se m\u016f\u017eeme zaregistrovat. Zdravotn\u00ed poji\u0161\u0165ovna by m\u011bla poskytnout hledaj\u00edc\u00edm informace o stavu l\u00e9ka\u0159\u016f v m\u00edst\u011b bydli\u0161t\u011b, ale mnohdy ani zde nepochod\u00edme k na\u0161emu uspokojen\u00ed. Nezb\u00fdv\u00e1 nic jin\u00e9ho, ne\u017e sledovat situaci nebo se vydat na v\u00fdlet. Voln\u00fd je toti\u017e zuba\u0159 Liberec 2K DENT. Jedn\u00e1 se o estetick\u00e9 dent\u00e1ln\u00ed centrum, kde poskytuj\u00ed sv\u00e9 z\u00e1zem\u00ed nejen zubn\u00ed ordinace, ale z\u00e1rove\u0148 zde nalezname i dent\u00e1ln\u00ed hygienick\u00e9 slu\u017eby. Sta\u010d\u00ed se objednat Nen\u00ed probl\u00e9m zvednout telefon a objednat se na vhodn\u00fd term\u00edn. Klidn\u011b i s celou rodinou. Zubn\u00ed l\u00e9ka\u0159i v Liberci st\u00e1le p\u0159ij\u00edmaj\u00ed nov\u00e9 pacienty a nerozli\u0161uj\u00ed ani v\u011bk. V tomto p\u0159\u00edpad\u011b je to naprosto ide\u00e1ln\u00ed, jeliko\u017e se neodm\u00edtaj\u00ed ani d\u011bti, kter\u00e9 se pr\u00e1v\u011b zde  mohou u nau\u010dit spr\u00e1vn\u00e9 zubn\u00ed hygien\u011b. Pr\u00e1v\u011b kompletnost na jednom m\u00edst\u011b je naprosto ide\u00e1ln\u00ed a \u0161et\u0159\u00ed \u010das. V b\u011b\u017en\u00fdch zdravotnick\u00fdch st\u0159edisc\u00edch tato slu\u017eba nen\u00ed dostupn\u00e1 a tak se mus\u00ed na tato pracovi\u0161t\u011b po objedn\u00e1n\u00ed doj\u00ed\u017ed\u011bt. D\u00edky osobn\u00ed podrobn\u00e9 konzultaci se klient m\u016f\u017ee dozv\u011bd\u011bt nejen jak\u00fd je jeho zdravotn\u00ed stav, probl\u00e9my, ale i l\u00e9\u010dbu, kter\u00e1 spo\u010d\u00edv\u00e1 v profesion\u00e1ln\u00edm p\u0159\u00edstupu. Vzhledem k tomu, \u017ee l\u00e9\u010dba nemocn\u00fdch zub\u016f, d\u00e1sn\u00ed nebo kan\u00e1lk\u016f \u010di jin\u00fdch zubn\u00edch probl\u00e9m\u016f je individu\u00e1ln\u00ed, tak se l\u00e9ka\u0159i neust\u00e1le vzd\u011bl\u00e1vaj\u00ed. To je skute\u010dn\u011b dobr\u00e1 zpr\u00e1va, jeliko\u017e zde maj\u00ed tu nejmodern\u011bj\u0161\u00ed techniku a prost\u0159edky. Mal\u00fd v\u00fdlet Rodinn\u00fd v\u00fdlet za zuba\u0159em tud\u00ed\u017e nemus\u00ed b\u00fdt trag\u00e9di\u00ed, jak se mnohdy st\u00e1v\u00e1, sp\u00ed\u0161 naopak se m\u016f\u017ee cesta pojmout jako mal\u00fd v\u00fdlet do Liberce a spojit tak pot\u0159ebn\u00e9 s rodinnou z\u00e1bavou, pokud se ov\u0161em nebude jednat o n\u011bjak\u00fd n\u00e1ro\u010dn\u011bj\u0161\u00ed z\u00e1krok. Nicm\u00e9n\u011b prost\u0159ed\u00ed je velmi p\u0159\u00edjemn\u00e9 a dokonce nen\u00ed probl\u00e9m i p\u0159ipojen\u00ed na Wi-Fi s\u00ed\u0165, co\u017e \u010dekaj\u00edc\u00edm zp\u0159\u00edjemn\u00ed dobu v dent\u00e1ln\u00edm centru.                                                                                                                                                                                                                                                                                                                                                                                          4.5\/5 - (2 votes)        "},{"@context":"https:\/\/schema.org\/","@type":"BreadcrumbList","itemListElement":[{"@type":"ListItem","position":1,"name":"Nev\u00edte, jestli n\u011bkter\u00fd zuba\u0159 bere?","item":"https:\/\/www.azurreizen.cz\/nevite-jestli-nektery-zubar-bere\/#breadcrumbitem"}]}]