[{"@context":"https:\/\/schema.org\/","@type":"Article","@id":"https:\/\/www.azurreizen.cz\/nedonosene-deti\/#Article","mainEntityOfPage":"https:\/\/www.azurreizen.cz\/nedonosene-deti\/","headline":"Nedono\u0161en\u00e9 d\u011bti","name":"Nedono\u0161en\u00e9 d\u011bti","description":"Ka\u017ed\u00e1 \u017eena douf\u00e1, \u017ee sv\u00e9 d\u00edt\u011b bez probl\u00e9m\u016f donos\u00ed a narod\u00ed se nejl\u00e9pe p\u0159esn\u011b v\u00a0den vypo\u010d\u00edtan\u00e9ho term\u00ednu. To se v\u0161ak d\u011bje jen z\u0159\u00eddka. V\u00a0posledn\u00edch letech narostl po\u010det nedono\u0161en\u00fdch d\u011bt\u00ed narozen\u00fdch p\u0159ed ukon\u010den\u00fdm 37 t\u00fddnem t\u011bhotenstv\u00ed. Co v\u00e1s \u010dek\u00e1, kdy\u017e se narod\u00ed nedono\u0161en\u00e9 d\u00edt\u011b? Nejprve trochu teorie. D\u011bti se zachra\u0148uj\u00ed od 24 t\u00fddne t\u011bhotenstv\u00ed, nebo od [&hellip;]","datePublished":"2020-01-06","dateModified":"2023-04-28","author":{"@type":"Person","@id":"https:\/\/www.azurreizen.cz\/author\/#Person","name":"","url":"https:\/\/www.azurreizen.cz\/author\/","identifier":1,"image":{"@type":"ImageObject","@id":"https:\/\/secure.gravatar.com\/avatar\/9514fe8d0d5bc6f8b5e285c47f6d71536ab35446ffb077fff11f6ca1fa8b00ce?s=96&d=mm&r=g","url":"https:\/\/secure.gravatar.com\/avatar\/9514fe8d0d5bc6f8b5e285c47f6d71536ab35446ffb077fff11f6ca1fa8b00ce?s=96&d=mm&r=g","height":96,"width":96}},"publisher":{"@type":"Organization","name":"azurreizen.cz","logo":{"@type":"ImageObject","@id":"\/logo.png","url":"\/logo.png","width":600,"height":60}},"image":{"@type":"ImageObject","@id":"https:\/\/www.azurreizen.cz\/wp-content\/uploads\/img_a347227_w1764_t1561457276.jpg","url":"https:\/\/www.azurreizen.cz\/wp-content\/uploads\/img_a347227_w1764_t1561457276.jpg","height":0,"width":0},"url":"https:\/\/www.azurreizen.cz\/nedonosene-deti\/","about":["Kultura"],"wordCount":468,"articleBody":"Ka\u017ed\u00e1 \u017eena douf\u00e1, \u017ee sv\u00e9 d\u00edt\u011b bez probl\u00e9m\u016f donos\u00ed a narod\u00ed se nejl\u00e9pe p\u0159esn\u011b v\u00a0den vypo\u010d\u00edtan\u00e9ho term\u00ednu. To se v\u0161ak d\u011bje jen z\u0159\u00eddka. V\u00a0posledn\u00edch letech narostl po\u010det nedono\u0161en\u00fdch d\u011bt\u00ed narozen\u00fdch p\u0159ed ukon\u010den\u00fdm 37 t\u00fddnem t\u011bhotenstv\u00ed. Co v\u00e1s \u010dek\u00e1, kdy\u017e se narod\u00ed nedono\u0161en\u00e9 d\u00edt\u011b?Nejprve trochu teorie. D\u011bti se zachra\u0148uj\u00ed od 24 t\u00fddne t\u011bhotenstv\u00ed, nebo od p\u016fl kila v\u00e1hy d\u00edt\u011bte. Takov\u00fd drobe\u010dek se vleze do dlan\u011b a jedn\u00e1 se o extr\u00e9mn\u011b nedono\u0161en\u00e9 d\u011bti, kter\u00e9 \u010dek\u00e1 je\u0161t\u011b dlouh\u00e1 a nejist\u00e1 cesta, ne\u017e se dostanou dom\u016f. P\u0159\u00ed\u010dinou \u010dasn\u00e9ho porodu m\u016f\u017ee b\u00fdt spousta faktor\u016f, jako je nap\u0159\u00edklad nel\u00e9\u010den\u00e1 cukrovka, vysok\u00fd krevn\u00ed tlak, z\u00e1vislost na n\u00e1vykov\u00fdch l\u00e1tk\u00e1ch, fyzick\u00e1 z\u00e1t\u011b\u017e t\u011bhotn\u00e9, infekce \u010di z\u00e1n\u011bt v\u00a0porodn\u00edch cest\u00e1ch.Jak bude prob\u00edhat doba t\u011bsn\u011b po porodu nedono\u0161en\u00e9ho d\u00edt\u011bte? Z\u00e1le\u017e\u00ed na tom, jak moc nedono\u0161en\u00e9 d\u00edt\u011b je. Nebudeme se bavit o d\u011btech, kter\u00e9 jsou jen lehou\u010dce nedono\u0161en\u00e9 a nemaj\u00ed zdravotn\u00ed probl\u00e9my, tady toti\u017e prob\u00edh\u00e1 \u010das po porodu relativn\u011b stejn\u011b jako u d\u011bt\u00ed dono\u0161en\u00fdch.U d\u011bt\u00ed extr\u00e9mn\u011b nedono\u0161en\u00fdch a t\u011b\u017ece nedono\u0161en\u00fdch je v\u0161ak situace jin\u00e1. Vzhledem k\u00a0n\u00edzk\u00e9 v\u00e1ze d\u00edt\u011bte je nutn\u00e1 vysoce specializovan\u00e1 p\u00e9\u010de o novorozence. Ta je n\u00e1ro\u010dn\u00e1 na techniku i na person\u00e1l, nemluvn\u011b o finan\u010dn\u00ed str\u00e1nce v\u011bci. D\u00edtko samoz\u0159ejm\u011b ne\u010dek\u00e1 n\u00e1ru\u010d maminky ale inkub\u00e1tor, nedok\u00e1\u017ee se samo nakojit, mus\u00ed se hl\u00eddat spr\u00e1vn\u00e1 teplota a tak\u00e9 zamezit infekci. V\u00a0\u010dr existuje 12 perinatologick\u00fdch center intenzivn\u00ed medic\u00edny a jednotky intermedi\u00e1rn\u00ed p\u00e9\u010de, kter\u00e1 je kompromisem mezi JIP a b\u011b\u017enou p\u00e9\u010d\u00ed.Kde budete, zat\u00edmco budou o d\u00edtko pe\u010dovat l\u00e9ka\u0159i?Z\u00e1le\u017e\u00ed na centru, kde bude o d\u00edtko pe\u010dov\u00e1no. N\u011bkter\u00e9 nab\u00edz\u00ed mamink\u00e1m ubytovnu, aby mohly b\u00fdt p\u0159\u00edtomny d\u00edt\u011bti po celou dobu, jin\u00e9 mamink\u00e1m ubytov\u00e1n\u00ed nenab\u00edz\u00ed. M\u011bla byste v\u0161ak v\u011bd\u011bt, \u017ee va\u0161e d\u00edt\u011b m\u00e1 pr\u00e1vo na p\u0159\u00edtomnost sv\u00e9ho z\u00e1konn\u00e9ho z\u00e1stupce neust\u00e1le, a stejn\u011b tak m\u00e1te i vy n\u00e1rok na to b\u00fdt nep\u0159etr\u017eit\u011b s\u00a0va\u0161im d\u00edt\u011btem. Po\u010d\u00edtejte ale s\u00a0t\u00edm, \u017ee o tohle pr\u00e1vo budete muset opravdu bojovat. O d\u00edt\u011b samoz\u0159ejm\u011b s\u00a0pomoc\u00ed sester m\u016f\u017eete pe\u010dovat, p\u0159ebalovat, klok\u00e1nkovat krmit\u2026                                                                                                                                                                                                                                                                                                                                                                                        3.7\/5 - (8 votes)        "},{"@context":"https:\/\/schema.org\/","@type":"BreadcrumbList","itemListElement":[{"@type":"ListItem","position":1,"name":"Nedono\u0161en\u00e9 d\u011bti","item":"https:\/\/www.azurreizen.cz\/nedonosene-deti\/#breadcrumbitem"}]}]