[{"@context":"https:\/\/schema.org\/","@type":"Article","@id":"https:\/\/www.azurreizen.cz\/must-have-produkty-pro-vasi-krasu\/#Article","mainEntityOfPage":"https:\/\/www.azurreizen.cz\/must-have-produkty-pro-vasi-krasu\/","headline":"Must have produkty pro va\u0161i kr\u00e1su","name":"Must have produkty pro va\u0161i kr\u00e1su","description":"Kr\u00e9m Z\u00e1kladem by m\u011bl b\u00fdt kvalitn\u00ed kr\u00e9m. Ide\u00e1ln\u00ed je vlastnit denn\u00ed a no\u010dn\u00ed variantu, p\u0159i\u010dem\u017e ta na den by m\u011bla p\u0159edev\u0161\u00edm hydratovat a chr\u00e1nit proti ne\u017e\u00e1douc\u00edm vliv\u016fm, ta no\u010dn\u00ed by zase m\u011bla va\u0161i ple\u0165 vy\u017eivovat a regenerovat. P\u0159i v\u00fdb\u011bru p\u0159ihl\u00ed\u017e\u00edme ke sv\u00e9mu v\u011bku, ale i stavu pleti a p\u0159\u00edpadn\u00fdm probl\u00e9m\u016fm, kter\u00fdch se chceme zbavit.Tip: Kr\u00e9m [&hellip;]","datePublished":"2018-03-20","dateModified":"2023-04-28","author":{"@type":"Person","@id":"https:\/\/www.azurreizen.cz\/author\/#Person","name":"","url":"https:\/\/www.azurreizen.cz\/author\/","identifier":1,"image":{"@type":"ImageObject","@id":"https:\/\/secure.gravatar.com\/avatar\/9514fe8d0d5bc6f8b5e285c47f6d71536ab35446ffb077fff11f6ca1fa8b00ce?s=96&d=mm&r=g","url":"https:\/\/secure.gravatar.com\/avatar\/9514fe8d0d5bc6f8b5e285c47f6d71536ab35446ffb077fff11f6ca1fa8b00ce?s=96&d=mm&r=g","height":96,"width":96}},"publisher":{"@type":"Organization","name":"azurreizen.cz","logo":{"@type":"ImageObject","@id":"\/logo.png","url":"\/logo.png","width":600,"height":60}},"image":{"@type":"ImageObject","@id":"https:\/\/www.azurreizen.cz\/wp-content\/uploads\/img_a315854_w1764_t1526800345.jpg","url":"https:\/\/www.azurreizen.cz\/wp-content\/uploads\/img_a315854_w1764_t1526800345.jpg","height":0,"width":0},"url":"https:\/\/www.azurreizen.cz\/must-have-produkty-pro-vasi-krasu\/","about":["M\u00f3da"],"wordCount":616,"articleBody":"Kr\u00e9mZ\u00e1kladem by m\u011bl b\u00fdt kvalitn\u00ed kr\u00e9m. Ide\u00e1ln\u00ed je vlastnit denn\u00ed a no\u010dn\u00ed variantu, p\u0159i\u010dem\u017e ta na den by m\u011bla p\u0159edev\u0161\u00edm hydratovat a chr\u00e1nit proti ne\u017e\u00e1douc\u00edm vliv\u016fm, ta no\u010dn\u00ed by zase m\u011bla va\u0161i ple\u0165 vy\u017eivovat a regenerovat. P\u0159i v\u00fdb\u011bru p\u0159ihl\u00ed\u017e\u00edme ke sv\u00e9mu v\u011bku, ale i stavu pleti a p\u0159\u00edpadn\u00fdm probl\u00e9m\u016fm, kter\u00fdch se chceme zbavit.Tip: Kr\u00e9m Skinfood od Weledy v\u00e1s nadchne p\u0159\u00edjemnou bylinkovou v\u016fn\u00ed a funguje jako v\u00fd\u017eivn\u00e1 vzpruha nejen pro va\u0161i tv\u00e1\u0159. Um\u00ed to tak\u00e9 s tvrd\u00fdmi chodidly a\u00a0 lze ho vyu\u017e\u00edt jako masku \u010di kr\u00e9m na ruce, zkr\u00e1tka upot\u0159eb\u00edte ho v\u0161ude tam, kde v\u00e1s tr\u00e1p\u00ed such\u00e1 nebo podr\u00e1\u017ed\u011bn\u00e1 poko\u017eka. Cena cca 200\u00a0 K\u010d\/75 ml.Odli\u010dova\u010dBez odstran\u011bn\u00ed n\u00e1nosu make-upu to ve\u010der prost\u011b nejde, mil\u00e9 d\u00e1my. Ani v\u00fdjime\u010dn\u011b, pokud si nechcete zad\u011blat na vr\u00e1sky probl\u00e9my s plet\u00ed. K dost\u00e1n\u00ed jsou v r\u016fzn\u00fdch konzistenc\u00edch, od micel\u00e1rn\u00edch vod po gely a p\u011bny, sta\u010d\u00ed si jen vybrat, kter\u00fd zp\u016fsob bude \u201eten v\u00e1\u0161\u201c.Make-upKrom\u011b typu pleti je z\u00e1sadn\u00ed i jej\u00ed odst\u00edn, proto v\u011bnujte v\u00fdb\u011bru pat\u0159i\u010dnou pozornost. I tady se p\u0159i v\u00fdb\u011bru \u0159\u00edd\u00edme stavem pleti \u2013 mastn\u00e1, such\u00e1, st\u00e1rnouc\u00ed\u2026 R\u016fzn\u00e9 varianty maj\u00ed tak\u00e9 rozd\u00edlnou kryc\u00ed schopnost.Tip: Pod make-up pat\u0159\u00ed podkladov\u00e1 b\u00e1ze, to v\u00e1m bude jasn\u00e9 hned po jej\u00edm prvn\u00edm pou\u017eit\u00ed. Jde zpravidla o jemn\u00fd gel, kter\u00fd ple\u0165 \u201ep\u0159iprav\u00ed\u201c na n\u00e1sleduj\u00edc\u00ed n\u00e1nos p\u0159ece jen hutn\u011bj\u0161\u00edho make-upu, zabr\u00e1n\u00ed tomu, aby zv\u00fdraznil vr\u00e1sky a prodlou\u017e\u00ed jeho \u00fa\u010dinek. V\u00fdborn\u00fd pom\u011br cena\/v\u00fdkon nab\u00edz\u00ed zna\u010dka Dermacol.PudrLehk\u00e9 (a je\u0161t\u011b jednou lehk\u00e9) nanesen\u00ed pudru na make-up ho zafixuje a zbav\u00ed ple\u0165 lesku. Zvl\u00e1\u0161t\u011b v l\u00e9t\u011b v\u00e1s zbav\u00ed \u201eupocen\u00e9ho\u201c vzhledu a lze ho pou\u017e\u00edt i samostatn\u011b.\u0158asenkaI pokud si na dekorativn\u00ed kosmetiku nepotrp\u00edte, sta\u010d\u00ed p\u00e1r tah\u016f spr\u00e1vn\u011b zvolenou \u0159asenkou a v\u00e1\u0161 vzhled se v\u00fdrazn\u011b prom\u011bn\u00ed \u2013 a to i kdy\u017e ji pou\u017eijete jen na horn\u00ed \u0159asy. M\u016f\u017eete vyb\u00edrat mezi mnoha barevn\u00fdmi variantami, stejn\u011b bohat\u00e9 mo\u017enosti m\u00e1te i co se t\u00fd\u010de efektu.AntiperspirantZvl\u00e1\u0161t\u011b v teplej\u0161\u00edch m\u011bs\u00edc\u00edch naprost\u00e1 nezbytnost. Nic proti p\u0159irozen\u00e9 v\u016fni t\u011bla, ale pokud jej\u00ed pi\u017emo potla\u010d\u00edte ve sv\u00e9m podpa\u017e\u00ed, ud\u011bl\u00e1te jenom dob\u0159e a va\u0161e okol\u00ed to jist\u011b ocen\u00ed.Tip:Spolehnout se m\u016f\u017eete na zna\u010dku Rexona, kter\u00e1 nab\u00edz\u00ed v\u00edce variant parfemace. Pokud pou\u017eijete antiperspirant ve\u010der po koupeli, efekt se je\u0161t\u011b umocn\u00ed. Zaj\u00edmavou variantou je i kamenec \u2013 koup\u00edte ho ve form\u011b obd\u00e9ln\u00edkov\u00e9ho kamene, j\u00edm\u017e se zastavovalo krv\u00e1cen\u00ed po holen\u00ed. Parf\u00e9mV\u011bd\u011bli jste, \u017ee nejdel\u0161\u00ed pam\u011b\u0165 je \u010dichov\u00e1? I kdy\u017e m\u00e1 mnoho lid\u00ed ve zvyku \u201enavon\u011bt se\u201c jen p\u0159i zvl\u00e1\u0161tn\u00edch p\u0159\u00edle\u017eitostech, pokud z tohoto \u00fakonu ud\u011bl\u00e1te denn\u00ed rutinu, ur\u010dit\u011b nebudete litovat.T\u011blov\u00e9 kr\u00e9myK\u016f\u017ee je nejv\u011bt\u0161\u00edm org\u00e1nem na\u0161eho t\u011bla, a tak bychom i j\u00ed m\u011bli v\u011bnovat pot\u0159ebnou p\u00e9\u010di. Tak\u00e9 tady p\u0159i v\u00fdb\u011bru konkr\u00e9tn\u00edho p\u0159\u00edpravku zohled\u0148ujeme vlastnosti poko\u017eky a p\u0159\u00edpadn\u00e9 probl\u00e9my a nedostatky.\u00a0                                                                                                                                                                                                                                                                                                                                                                                        4.7\/5 - (7 votes)        "},{"@context":"https:\/\/schema.org\/","@type":"BreadcrumbList","itemListElement":[{"@type":"ListItem","position":1,"name":"Must have produkty pro va\u0161i kr\u00e1su","item":"https:\/\/www.azurreizen.cz\/must-have-produkty-pro-vasi-krasu\/#breadcrumbitem"}]}]