[{"@context":"https:\/\/schema.org\/","@type":"Article","@id":"https:\/\/www.azurreizen.cz\/modni-neznamena-vhodne\/#Article","mainEntityOfPage":"https:\/\/www.azurreizen.cz\/modni-neznamena-vhodne\/","headline":"M\u00f3dn\u00ed neznamen\u00e1 vhodn\u00e9","name":"M\u00f3dn\u00ed neznamen\u00e1 vhodn\u00e9","description":"V r\u00e1mci modern\u00ed doby doch\u00e1z\u00ed postupn\u011b k tomu, \u017ee se v\u011bt\u0161ina populace nech\u00e1v\u00e1 t\u00e1hnout davem, co\u017e m\u016f\u017ee m\u00edt za n\u00e1sledek i fakt, \u017ee se lid\u00e9 kolem n\u00e1s za\u010d\u00ednaj\u00ed chovat jako ove\u010dky ve st\u00e1du. Tito jedinci tak u\u017e d\u00e1vno nemaj\u00ed sv\u016fj vlastn\u00ed n\u00e1zor, a nam\u00edsto toho kop\u00edruj\u00ed jen p\u0159esv\u011bd\u010den\u00ed t\u011bch, o kter\u00fdch si mysl\u00ed, \u017ee dan\u00e9 [&hellip;]","datePublished":"2019-12-07","dateModified":"2023-04-28","author":{"@type":"Person","@id":"https:\/\/www.azurreizen.cz\/author\/#Person","name":"","url":"https:\/\/www.azurreizen.cz\/author\/","identifier":1,"image":{"@type":"ImageObject","@id":"https:\/\/secure.gravatar.com\/avatar\/9514fe8d0d5bc6f8b5e285c47f6d71536ab35446ffb077fff11f6ca1fa8b00ce?s=96&d=mm&r=g","url":"https:\/\/secure.gravatar.com\/avatar\/9514fe8d0d5bc6f8b5e285c47f6d71536ab35446ffb077fff11f6ca1fa8b00ce?s=96&d=mm&r=g","height":96,"width":96}},"publisher":{"@type":"Organization","name":"azurreizen.cz","logo":{"@type":"ImageObject","@id":"\/logo.png","url":"\/logo.png","width":600,"height":60}},"image":{"@type":"ImageObject","@id":"https:\/\/www.azurreizen.cz\/wp-content\/uploads\/img_a372181_w1764_t1583498730.jpg","url":"https:\/\/www.azurreizen.cz\/wp-content\/uploads\/img_a372181_w1764_t1583498730.jpg","height":0,"width":0},"url":"https:\/\/www.azurreizen.cz\/modni-neznamena-vhodne\/","about":["V\u00fdrobky"],"wordCount":437,"articleBody":"  V r\u00e1mci modern\u00ed doby doch\u00e1z\u00ed postupn\u011b k tomu, \u017ee se v\u011bt\u0161ina populace nech\u00e1v\u00e1 t\u00e1hnout davem, co\u017e m\u016f\u017ee m\u00edt za n\u00e1sledek i fakt, \u017ee se lid\u00e9 kolem n\u00e1s za\u010d\u00ednaj\u00ed chovat jako ove\u010dky ve st\u00e1du. Tito jedinci tak u\u017e d\u00e1vno nemaj\u00ed sv\u016fj vlastn\u00ed n\u00e1zor, a nam\u00edsto toho kop\u00edruj\u00ed jen p\u0159esv\u011bd\u010den\u00ed t\u011bch, o kter\u00fdch si mysl\u00ed, \u017ee dan\u00e9 problematice rozum\u00ed. Je v\u0161ak mo\u017en\u00e9 rozum\u011bt m\u00f3d\u011b? Up\u0159\u00edmn\u011b si mysl\u00edm, \u017ee odpov\u011b\u010f na tuto ot\u00e1zku bude sp\u00ed\u0161e z\u00e1porn\u00e1, ne\u017eli kladn\u00e1, a to zejm\u00e9na z toho d\u016fvodu, \u017ee dnes se jedn\u00e1 sp\u00ed\u0161e o byznys, kdy chce ka\u017ed\u00fd z\u00edskat v\u011bt\u0161\u00ed a v\u011bt\u0161\u00ed obnos pen\u011bz. Nen\u00ed tak \u00fapln\u011b mo\u017en\u00e9, aby byl n\u011bkdo zcela objektivn\u00ed, a svou pr\u00e1ci v tomto oboru tak vykon\u00e1val ze sv\u00e9ho vlastn\u00edho p\u0159esv\u011bd\u010den\u00ed. Ale ono je to tak vlastn\u011b i ve v\u011bt\u0161in\u011b ostatn\u00edch obor\u016f, jeliko\u017e m\u00e1lokdo z n\u00e1s vykon\u00e1v\u00e1 svou pr\u00e1ci s l\u00e1skou. V r\u00e1mci dne\u0161n\u00edho sv\u011bta je tak tedy n\u011bjak\u00e9 zam\u011bstn\u00e1n\u00ed sp\u00ed\u0161e nutnost\u00ed, ne\u017eli kon\u00ed\u010dkem. A cel\u00e1 tato z\u00e1le\u017eitost je zp\u016fsobena zejm\u00e9na t\u00edm, \u017ee bez pen\u011bz \u010dlov\u011bk nic nez\u00edsk\u00e1. Ano, sice existuj\u00ed hodnoty, kter\u00e9 mno\u017estv\u00ed pen\u011bz neovlivn\u00ed, ale v\u011bt\u0161ina populace se dnes zam\u011b\u0159uje sp\u00ed\u0161e na tu materialistickou str\u00e1nku. Pokud v\u0161ak m\u00e1me n\u011bjak\u00e9 ty finance, tak m\u00e1me i mo\u017enost ud\u011blat radost, a to nejen sob\u011b, ale i sv\u00fdm bl\u00edzk\u00fdm. A nejlep\u0161\u00edm zp\u016fsobem, jak pot\u011b\u0161it \u017eenu, je nav\u0161t\u00edvit , kde je opravdu neskute\u010dn\u00fd v\u00fdb\u011br! Zde se tak tedy vskutku nach\u00e1z\u00ed v\u0161ehochu\u0165! Najdete zde velk\u00e9 i men\u0161\u00ed ko\u017een\u00e9 kabelky, d\u00e1le tak\u00e9 psan\u00ed\u010dka \u010di n\u011bjak\u00e9 ty elegantn\u00ed pen\u011b\u017eenky, a d\u00edky tomu je tak tedy tato volba de facto s\u00e1zkou na jistotu, jeliko\u017e zde si va\u0161e drah\u00e1 polovi\u010dka jist\u011b vybere. V neposledn\u00ed \u0159ad\u011b je tak\u00e9 velkou v\u00fdhodou, \u017ee se zde nach\u00e1zej\u00ed v\u0161echny mo\u017en\u00e9 barvy. Najdeme zde tedy klasickou \u010dernou, kter\u00e1 je vhodn\u00fdm dopl\u0148kem ke v\u0161emu, ale tak\u00e9 nap\u0159\u00edklad hn\u011bdou nebo \u010dervenou. Nebojte se tak tedy po\u0159\u00eddit n\u011bjak\u00fd ten v\u00fdrazn\u011bj\u0161\u00ed kousek, jeliko\u017e d\u00edky n\u011bmu m\u016f\u017eete podtrhnout kouzlo sv\u00e9 osobnosti.                                                                                                                                                                                                                                                                                                                                                                                         3.8\/5 - (5 votes)        "},{"@context":"https:\/\/schema.org\/","@type":"BreadcrumbList","itemListElement":[{"@type":"ListItem","position":1,"name":"M\u00f3dn\u00ed neznamen\u00e1 vhodn\u00e9","item":"https:\/\/www.azurreizen.cz\/modni-neznamena-vhodne\/#breadcrumbitem"}]}]