[{"@context":"https:\/\/schema.org\/","@type":"Article","@id":"https:\/\/www.azurreizen.cz\/kdyz-je-treba-trochu-mechu\/#Article","mainEntityOfPage":"https:\/\/www.azurreizen.cz\/kdyz-je-treba-trochu-mechu\/","headline":"Kdy\u017e je t\u0159eba trochu mechu","name":"Kdy\u017e je t\u0159eba trochu mechu","description":"Nen\u00ed to ani tak d\u00e1vno a betonov\u00e1 d\u017eungle bylo opravdu ozna\u010den\u00edm pro v\u0161echna \u010desk\u00e1 m\u011bsta. Samoz\u0159ejm\u011b, v\u00a0t\u00e9 dob\u011b je\u0161t\u011b nikoho n\u011bjak\u00e9 prost\u0159ed\u00ed nezaj\u00edmalo, bylo t\u0159eba stav\u011bt a stav\u011bt hodn\u011b, a\u0165 se z\u00e1padn\u00ed turista podiv\u00ed. Mnohdy se sp\u00ed\u0161e zhrozil, ale to je u\u017e jin\u00e9 t\u00e9ma. Nyn\u00ed budeme mluvit o tom, jak lze vlastn\u011b zakomponovat ekologii i [&hellip;]","datePublished":"2018-01-30","dateModified":"2023-04-28","author":{"@type":"Person","@id":"https:\/\/www.azurreizen.cz\/author\/#Person","name":"","url":"https:\/\/www.azurreizen.cz\/author\/","identifier":1,"image":{"@type":"ImageObject","@id":"https:\/\/secure.gravatar.com\/avatar\/9514fe8d0d5bc6f8b5e285c47f6d71536ab35446ffb077fff11f6ca1fa8b00ce?s=96&d=mm&r=g","url":"https:\/\/secure.gravatar.com\/avatar\/9514fe8d0d5bc6f8b5e285c47f6d71536ab35446ffb077fff11f6ca1fa8b00ce?s=96&d=mm&r=g","height":96,"width":96}},"publisher":{"@type":"Organization","name":"azurreizen.cz","logo":{"@type":"ImageObject","@id":"\/logo.png","url":"\/logo.png","width":600,"height":60}},"image":{"@type":"ImageObject","@id":"https:\/\/www.azurreizen.cz\/wp-content\/uploads\/img_a311599_w1764_t1522429923.jpg","url":"https:\/\/www.azurreizen.cz\/wp-content\/uploads\/img_a311599_w1764_t1522429923.jpg","height":0,"width":0},"url":"https:\/\/www.azurreizen.cz\/kdyz-je-treba-trochu-mechu\/","about":["V\u00fdrobky"],"wordCount":447,"articleBody":"Nen\u00ed to ani tak d\u00e1vno a betonov\u00e1 d\u017eungle bylo opravdu ozna\u010den\u00edm pro v\u0161echna \u010desk\u00e1 m\u011bsta. Samoz\u0159ejm\u011b, v\u00a0t\u00e9 dob\u011b je\u0161t\u011b nikoho n\u011bjak\u00e9 prost\u0159ed\u00ed nezaj\u00edmalo, bylo t\u0159eba stav\u011bt a stav\u011bt hodn\u011b, a\u0165 se z\u00e1padn\u00ed turista podiv\u00ed. Mnohdy se sp\u00ed\u0161e zhrozil, ale to je u\u017e jin\u00e9 t\u00e9ma. Nyn\u00ed budeme mluvit o tom, jak lze vlastn\u011b zakomponovat ekologii i do n\u011b\u010deho tak zd\u00e1nliv\u011b neekologick\u00e9ho jako je v\u00fdstavba panelov\u00e9ho domu \u010di mrakodrapu.\t\u010c\u00edna jde kup\u0159edu, alespo\u0148 si to pl\u00e1nujeVznik\u00e1 spousta projekt\u016f jak zbavit \u010d\u00ednsk\u00e9 m\u011bsta dusiv\u00e9ho smogu, kter\u00fd t\u00ed\u017e\u00ed v\u0161echny obyvatele. Jestli si mysl\u00edte, \u017ee se v\u00a0Ostrav\u011b n\u011bkdy \u0161patn\u011b d\u00fdch\u00e1, p\u0159edstavte si ten nejhor\u0161\u00ed ostravsk\u00fd den a zn\u00e1sobte ho je\u0161t\u011b p\u00e1rkr\u00e1t. A takhle si to n\u011bjak p\u0159edstavujte po dobu cel\u00e9ho roku, a\u0165 je zima nebo teplo. Samoz\u0159ejm\u011b n\u011bkter\u00e9 dny to nen\u00ed takov\u00fd \u201ez\u00e1hul\u201c jak by se mohlo zd\u00e1t. Krom\u011b nejr\u016fzn\u011bj\u0161\u00edch vylep\u0161en\u00ed do okoln\u00edch p\u0159\u00edm\u011bstsk\u00fdch oblast\u00ed zde tak\u00e9 p\u0159ich\u00e1z\u00ed na \u0159adu experimentov\u00e1n\u00ed s\u00a0\u017eivou fl\u00f3rou p\u0159\u00edmo zabudovanou do stavby. A\u0165 u\u017e je to nejv\u011bt\u0161\u00ed d\u0159ev\u011bn\u00fd mrakodrap, kter\u00fd je v\u0161ak docela nebezpe\u010dn\u00fdm hazardem a hlavn\u011b se na n\u011bj spot\u0159ebuje spousta d\u0159eva, nebo je to beton a \u017eiv\u00e9 stromy navz\u00e1jem propleten\u00e9 tak, aby sama budova \u201evdechovala\u201c a vydechovala. Samoz\u0159ejm\u011b n\u00e1pady jsou to dobr\u00e9 a architekti maj\u00ed alespo\u0148 na n\u011bjak\u00fd ten \u010das vystar\u00e1no, ale je v\u016fbec v\u00a0\u010cin\u011b spole\u010dnost, kter\u00e1 by n\u011bco takov\u00e9ho zvl\u00e1dla postavit? Nebo se obr\u00e1t\u00ed \u010c\u00edna na n\u011bkter\u00e9 zahrani\u010dn\u00ed spole\u010dnosti, kter\u00e9 maj\u00ed s\u00a0eko v\u00fdstavbou alespo\u0148 trochu zku\u0161enost\u00ed?\u00a0\tArabov\u00e9 u\u017e vym\u00fd\u0161l\u00ed n\u00e1hradn\u00ed pl\u00e1nFosiln\u00ed paliva pomali\u010dku ale zcela jist\u011b doch\u00e1z\u00ed a nejv\u011bt\u0161\u00ed \u201eropn\u00ed\u201c magn\u00e1ti sv\u00e9 doby u\u017e te\u010f vym\u00fd\u0161lej\u00ed pl\u00e1ny, jak vlastn\u011b udr\u017eet bohatstv\u00ed tam, kde by m\u011blo b\u00fdt, za pomoc\u00ed obnoviteln\u00fdch zdroj\u016f energie. Arabov\u00e9 cht\u011bj\u00ed a pl\u00e1nuj\u00ed vystav\u011bt nejv\u011bt\u0161\u00ed ekom\u011bsta a snad nejimpozantn\u011bj\u0161\u00ed projekty doby, kter\u00e9 by m\u011bly st\u00e1t n\u011bkolik stovek miliard. Na realizaci projekt\u016f by se m\u011bla pod\u00edlet \u0159ada firem.I v\u00a0\u010cesk\u00e9 republice, by\u0165 v\u00a0men\u0161\u00edm m\u011b\u0159\u00edtku, se m\u016f\u017eeme setkat s\u00a0pokusy o \u201ezelenou\u201c v\u00fdstavbu, kter\u00e1 v\u0161ak st\u00e1le nen\u00ed tak obl\u00edben\u00e1, by\u0165 technologie tu d\u00e1vno je a mo\u017en\u00e1 i ti schopn\u00ed lid\u00e9.                                                                                                                                                                                                                                                                                                                                                                                        5\/5 - (1 vote)        "},{"@context":"https:\/\/schema.org\/","@type":"BreadcrumbList","itemListElement":[{"@type":"ListItem","position":1,"name":"Kdy\u017e je t\u0159eba trochu mechu","item":"https:\/\/www.azurreizen.cz\/kdyz-je-treba-trochu-mechu\/#breadcrumbitem"}]}]