[{"@context":"https:\/\/schema.org\/","@type":"Article","@id":"https:\/\/www.azurreizen.cz\/ceske-svycarsko\/#Article","mainEntityOfPage":"https:\/\/www.azurreizen.cz\/ceske-svycarsko\/","headline":"\u010cesk\u00e9 \u0160v\u00fdcarsko","name":"\u010cesk\u00e9 \u0160v\u00fdcarsko","description":"N\u00e1dhern\u00e9 labsk\u00e9 p\u00edskovce zde lemuj\u00ed na\u0161i nejv\u011bt\u0161\u00ed \u0159eku Labe, kter\u00e1 tudy prot\u00e9k\u00e1 p\u0159es N\u011bmecko a\u017e do mo\u0159e.\u00a0 N\u00e1dhern\u00e9 trasy pro p\u011b\u0161\u00ed turisty, kte\u0159\u00ed si zde rozhodn\u011b p\u0159ijdou na sv\u00e9. Kde je vlastn\u011b \u010cesk\u00e9 \u0160v\u00fdcarsko? Tento n\u00e1rodn\u00ed park, kter\u00fd byl vyhl\u00e1\u0161en a\u017e v\u00a0roce 2000, najdeme v\u00a0okrese D\u011b\u010d\u00edn, na severu \u010cech. Pat\u0159\u00ed do n\u011bj obce, jako je [&hellip;]","datePublished":"2016-11-30","dateModified":"2023-04-28","author":{"@type":"Person","@id":"https:\/\/www.azurreizen.cz\/author\/#Person","name":"","url":"https:\/\/www.azurreizen.cz\/author\/","identifier":1,"image":{"@type":"ImageObject","@id":"https:\/\/secure.gravatar.com\/avatar\/9514fe8d0d5bc6f8b5e285c47f6d71536ab35446ffb077fff11f6ca1fa8b00ce?s=96&d=mm&r=g","url":"https:\/\/secure.gravatar.com\/avatar\/9514fe8d0d5bc6f8b5e285c47f6d71536ab35446ffb077fff11f6ca1fa8b00ce?s=96&d=mm&r=g","height":96,"width":96}},"publisher":{"@type":"Organization","name":"azurreizen.cz","logo":{"@type":"ImageObject","@id":"\/logo.png","url":"\/logo.png","width":600,"height":60}},"url":"https:\/\/www.azurreizen.cz\/ceske-svycarsko\/","wordCount":398,"articleBody":"N\u00e1dhern\u00e9 labsk\u00e9 p\u00edskovce zde lemuj\u00ed na\u0161i nejv\u011bt\u0161\u00ed \u0159eku Labe, kter\u00e1 tudy prot\u00e9k\u00e1 p\u0159es N\u011bmecko a\u017e do mo\u0159e.\u00a0 N\u00e1dhern\u00e9 trasy pro p\u011b\u0161\u00ed turisty, kte\u0159\u00ed si zde rozhodn\u011b p\u0159ijdou na sv\u00e9.\t\tKde je vlastn\u011b \u010cesk\u00e9 \u0160v\u00fdcarsko?Tento n\u00e1rodn\u00ed park, kter\u00fd byl vyhl\u00e1\u0161en a\u017e v\u00a0roce 2000, najdeme v\u00a0okrese D\u011b\u010d\u00edn, na severu \u010cech. Pat\u0159\u00ed do n\u011bj obce, jako je H\u0159ensko (u hranice s\u00a0N\u011bmeckem), Ch\u0159ibsk\u00e1 i vesni\u010dka Brtn\u00edky.\t\tJak vznikly zdej\u0161\u00ed p\u00edskovcov\u00e9 sk\u00e1ly?Zaj\u00edmalo by v\u00e1s, jak mohly vzniknout takov\u00e1 kr\u00e1sn\u00e1 skaln\u00ed m\u011bsta, kolm\u00e9 st\u011bny, n\u00e1dhern\u00e9 br\u00e1ny (jako je ta nejzn\u00e1m\u011bj\u0161\u00ed &#8211; Prav\u010dick\u00e1)? Tyto p\u00edskovcov\u00e9 \u00fatvary mohly vzniknout d\u00edky alpinsk\u00e9mu vr\u00e1sn\u011bn\u00ed v\u00a0obdob\u00ed \u010dtvrtohor.\u00a0 Jak mo\u0159e ustupovalo, zanech\u00e1valo za sebou obrovsk\u00e9 mno\u017estv\u00ed p\u00edsku, kter\u00fd vlivem p\u0159\u00edrodn\u00edch podm\u00ednek vytvo\u0159il tyto skaln\u00ed \u00fatvary.\t\tRegion, kter\u00fd m\u00e1 rozhodn\u011b co nab\u00eddnoutZa n\u00e1v\u0161t\u011bvu stoj\u00ed rozhodn\u011b ji\u017e zm\u00edn\u011bn\u00e1 Prav\u010dick\u00e1 br\u00e1na, d\u00e1le z\u0159\u00edcenina Dolsk\u00fd ml\u00fdn v\u00a0romantick\u00e9m \u00fadol\u00ed mezi skalami, jimi\u017e prot\u00e9k\u00e1 potok, skaln\u00ed hrad \u0160aun\u0161tejn, Falken\u0161tej a mnoho dal\u0161\u00edch zaj\u00edmavost\u00ed. V\u00a0letn\u00edch m\u011bs\u00edc\u00edch byste si rozhodn\u011b nem\u011bli nechat uj\u00edt Edmundovu a Divokou sout\u011bsku, na kter\u00e9 se m\u016f\u017eete projet lo\u010fkou, co\u017e je nezapomenuteln\u00fdm z\u00e1\u017eitkem.\t\tV\u00a0kter\u00e9 ro\u010dn\u00ed dob\u011b region nav\u0161t\u00edvitP\u0159ekr\u00e1sn\u00e1 p\u0159\u00edroda Labsk\u00fdch p\u00edskovc\u016f v\u00e1s nadchne p\u0159edev\u0161\u00edm na podzim, kdy se okoln\u00ed listnat\u00e9 stromy \u2013 buk, b\u0159\u00edza &#8211; zbarv\u00ed do v\u0161ech mo\u017en\u00fdch odst\u00edn\u016f a kr\u00e1sn\u011b kontrastuj\u00ed s\u00a0borovicemi, kter\u00e9 jsou zde tak\u00e9 hojn\u011b zastoupeny sou\u010dasn\u011b se smrky. Borovic\u00edm velice slu\u0161\u00ed poloha na skal\u00e1ch, kdy mnohdy vyr\u016fstaj\u00ed na neuv\u011b\u0159iteln\u011b mal\u00fdch ploch\u00e1ch, kde byste strom rozhodn\u011b ne\u010dekali. Na ja\u0159e \u010di v\u00a0l\u00e9t\u011b je tu tak\u00e9 n\u00e1dhern\u011b a romantick\u00e9 v\u00fdhledy si u\u017eijete jist\u011b i v\u00a0zim\u011b, kdy je ov\u0161em pom\u011brn\u011b nebezpe\u010dn\u00e9 se zde pohybovat, navzdory po\u010detn\u00fdm z\u00e1bran\u00e1m a z\u00e1bradl\u00edm.U\u017eijte si \u010cesk\u00e9 \u0160v\u00fdcarsko se v\u0161\u00edm v\u0161udy a nebudete litovat rozhodnut\u00ed, \u017ee jste se sem vydali.                                                                                                                                                                                                                                                                                                                                                                                        3.9\/5 - (7 votes)        "},{"@context":"https:\/\/schema.org\/","@type":"BreadcrumbList","itemListElement":[{"@type":"ListItem","position":1,"name":"\u010cesk\u00e9 \u0160v\u00fdcarsko","item":"https:\/\/www.azurreizen.cz\/ceske-svycarsko\/#breadcrumbitem"}]}]