[{"@context":"https:\/\/schema.org\/","@type":"Article","@id":"https:\/\/www.azurreizen.cz\/a-nezaprsi-a-nezaprsi\/#Article","mainEntityOfPage":"https:\/\/www.azurreizen.cz\/a-nezaprsi-a-nezaprsi\/","headline":"A nezapr\u0161\u00ed a nezapr\u0161\u00ed","name":"A nezapr\u0161\u00ed a nezapr\u0161\u00ed","description":"N\u011bkter\u00e9 lidsk\u00e9 \u010dinnosti, kter\u00e9 se staly nepot\u0159ebn\u00fdmi nebo nadbyte\u010dn\u00fdmi pomalu zanikaj\u00ed. Jin\u00e9, ty, kter\u00e9 ov\u011b\u0159il \u010das, se cht\u011b necht\u011b musej\u00ed vyv\u00edjet. Bohud\u00edky, pat\u0159\u00ed tanec do t\u00e9 druh\u00e9 kategorie. Jinak bychom byli podle m\u00e9ho n\u00e1zoru v\u00a0mnoh\u00e9m ochuzeni. Pokud bychom se vr\u00e1tili do dob d\u00e1vno minul\u00fdch, zjistili bychom n\u00e1sleduj\u00edc\u00ed o\u00a0\u00a0 tanec v\u00a0dob\u011b kamenn\u00e9 neznamenal kultivovan\u00fd druh z\u00e1bavy [&hellip;]","datePublished":"2016-10-10","dateModified":"2023-04-28","author":{"@type":"Person","@id":"https:\/\/www.azurreizen.cz\/author\/#Person","name":"","url":"https:\/\/www.azurreizen.cz\/author\/","identifier":1,"image":{"@type":"ImageObject","@id":"https:\/\/secure.gravatar.com\/avatar\/9514fe8d0d5bc6f8b5e285c47f6d71536ab35446ffb077fff11f6ca1fa8b00ce?s=96&d=mm&r=g","url":"https:\/\/secure.gravatar.com\/avatar\/9514fe8d0d5bc6f8b5e285c47f6d71536ab35446ffb077fff11f6ca1fa8b00ce?s=96&d=mm&r=g","height":96,"width":96}},"publisher":{"@type":"Organization","name":"azurreizen.cz","logo":{"@type":"ImageObject","@id":"\/logo.png","url":"\/logo.png","width":600,"height":60}},"image":{"@type":"ImageObject","@id":"https:\/\/www.azurreizen.cz\/wp-content\/uploads\/img_a277877_w1764_t1601873693.jpg","url":"https:\/\/www.azurreizen.cz\/wp-content\/uploads\/img_a277877_w1764_t1601873693.jpg","height":0,"width":0},"url":"https:\/\/www.azurreizen.cz\/a-nezaprsi-a-nezaprsi\/","about":["Kultura"],"wordCount":400,"articleBody":"\tN\u011bkter\u00e9 lidsk\u00e9 \u010dinnosti, kter\u00e9 se staly nepot\u0159ebn\u00fdmi nebo nadbyte\u010dn\u00fdmi pomalu zanikaj\u00ed. Jin\u00e9, ty, kter\u00e9 ov\u011b\u0159il \u010das, se cht\u011b necht\u011b musej\u00ed vyv\u00edjet. Bohud\u00edky, pat\u0159\u00ed tanec do t\u00e9 druh\u00e9 kategorie. Jinak bychom byli podle m\u00e9ho n\u00e1zoru v\u00a0mnoh\u00e9m ochuzeni. Pokud bychom se vr\u00e1tili do dob d\u00e1vno minul\u00fdch, zjistili bychom n\u00e1sleduj\u00edc\u00ed\to\u00a0\u00a0 tanec v\u00a0dob\u011b kamenn\u00e9 neznamenal kultivovan\u00fd druh z\u00e1bavy\to\u00a0\u00a0 pou\u017e\u00edval se k\u00a0zah\u00e1n\u011bn\u00ed zl\u00fdch duch\u016f anebo p\u0159ivol\u00e1v\u00e1n\u00ed de\u0161\u0165\u016f.\t\tPostupem \u010dasu si ale lid\u00e9 za\u010dali tento pohyb u\u017e\u00edvat ve spojitosti s\u00a0n\u011bjakou veselou ud\u00e1lost\u00ed. Tak trochu jinak to ale platilo u lid\u00ed urozen\u00fdch.\t\u00b7\u00a0\u00a0\u00a0\u00a0\u00a0\u00a0\u00a0 Kdy\u017e neum\u011bl tancovat n\u011bjak\u00e9ho toho \u0161lap\u00e1ka Vojta z\u00a0Horn\u00ed Doln\u00ed, tak to a\u017e tak velk\u00e9 ne\u0161t\u011bst\u00ed nebylo.\t\u00b7\u00a0\u00a0\u00a0\u00a0\u00a0\u00a0\u00a0 Ale co takov\u00fd \u0161lechtic, kter\u00fd byl pozv\u00e1n ke kr\u00e1lovsk\u00e9mu dvoru na hostinu, spojenou s\u00a0plesem?\tNedalo se nic d\u011blat, musel se nau\u010dit, jinak by byl spole\u010densky znemo\u017en\u011bn. Pokud tane\u010dn\u00ed um\u011bn\u00ed pro nedostatek talentu neodkoukal od n\u011bjak\u00e9ho mr\u0161tn\u011bj\u0161\u00edho kolegy, musel kontaktovat tane\u010dn\u00edho mistra. Ve Francii to mohlo u\u010dinit u\u017e v\u00a0roce 1321, kdy tu byl zalo\u017een cech tane\u010dn\u00edch mistr\u016f, kter\u00fd nesl jm\u00e9no \u201eBratrstvo sv. Juli\u00e1na\u201c.\tMist\u0159i nejen v tanciP\u0159esko\u010d\u00edme n\u011bkolik stalet\u00ed a p\u0159eneseme se do roku 1895, kdy v\u00a0Praze vzniklKlub tane\u010dn\u00edch mistr\u016f Kr\u00e1lovstv\u00ed \u010cesk\u00e9ho.Zn\u00ed to vzne\u0161en\u011b, \u017ee?Tak\u00e9 se museli mist\u0159i um\u011bt chovat.o\u00a0\u00a0 Museli b\u00fdt kovan\u00ed ve spole\u010densk\u00e9 konverzaci\u2013 k\u00a0\u010demu by bylo, \u017ee se um\u011bl h\u00fdbat, kdyby nedovedl d\u00e1mu bavit.o\u00a0\u00a0 Znal\u00ed etikety \u2013 pokud by se na n\u011bjak\u00e9 spole\u010densk\u00e9 ud\u00e1losti pod\u00e1valo ob\u010derstven\u00ed a on by netu\u0161il, kterou vidli\u010dku popadnout, asi by skon\u010dil.o\u00a0\u00a0 Elegantn\u011b se obl\u00e9kat\u2013 i sebelep\u0161\u00ed znalec spole\u010densk\u00e9ho chov\u00e1n\u00ed vypad\u00e1 v\u00a0o\u0161unt\u011bl\u00e9m obleku jako vidl\u00e1k.Na\u0161t\u011bst\u00ed tane\u010dn\u00ed mist\u0159i a tane\u010dn\u00ed \u0161koly p\u0159etrvaly do dne\u0161n\u00edch dob. Proto, jestli se chyst\u00e1te na n\u011bjak\u00fd d\u016fle\u017eit\u00fd ples, nem\u011bli byste n\u011bkoho takov\u00e9ho nav\u0161t\u00edvit?Aby uprost\u0159ed val\u010d\u00edku neza\u010dalo pr\u0161et.\u00a0                                                                                                                                                                                                                                                                                                                                                                                         5\/5 - (1 vote)        "},{"@context":"https:\/\/schema.org\/","@type":"BreadcrumbList","itemListElement":[{"@type":"ListItem","position":1,"name":"A nezapr\u0161\u00ed a nezapr\u0161\u00ed","item":"https:\/\/www.azurreizen.cz\/a-nezaprsi-a-nezaprsi\/#breadcrumbitem"}]}]